{"id":302,"date":"2018-11-05T12:37:13","date_gmt":"2018-11-05T11:37:13","guid":{"rendered":"http:\/\/www.sinoskop.de\/blog\/?p=302"},"modified":"2023-07-16T17:52:54","modified_gmt":"2023-07-16T15:52:54","slug":"china-vatikan-abkommen-mittelklasse","status":"publish","type":"post","link":"https:\/\/www.sinoskop.de\/blog\/china-vatikan-abkommen-mittelklasse\/","title":{"rendered":"#1 Bericht zu globalem Privatverm\u00f6gen &#8211; Abkommen zwischen Vatikan und Peking &#8211; Neues von der Seidenstrasse"},"content":{"rendered":"\r\n<h2><em><strong>\u00a0\u00a0\u00a0\u00a0\u00a0 \u00a0 \u00a0 \u00a0 04.10.2018\u00a0\u00a0\u00a0\u00a0\u00a0\u00a0\u00a0\u00a0\u00a0 <br \/><em><strong>69. Jahrestag der Gr\u00fcndung der Volksrepublik China<\/strong><\/em><\/strong><\/em><em><strong><br \/><\/strong><\/em><\/h2>\r\n\r\n\r\n\r\n<p>Am 1. Oktober 1949 rief Mao Zedong die Volksrepublik China ins Leben. Mit dem 69. Nationalfeiertag beginnt die <em>Goldene Woche <\/em>und das Milliardenvolk ist im Reisefieber.<\/p>\r\n\r\n\r\n\r\n<p>Mehr zur neuen Reiselust der Chinesen sowie eine Auswahl anderer Themen finden Sie bzw. findet Ihr, geehrte Leserinnen und Leser, in dieser ersten Ausgabe von Sinoskop, dem China-Blog.<\/p>\r\n\r\n\r\n\r\n<p><!--more--><\/p>\r\n\r\n\r\n\r\n<h2 class=\"wp-block-heading\"><b>China stellt globale Verm\u00f6gensmittelklasse, Europa hinkt hinterher<\/b><\/h2>\r\n\r\n\r\n\r\n<p>Im aktuellen \u201eGlobal Wealth Report\u201c der Allianz werden Geldverm\u00f6gen und Verschuldung von Privathaushalten in \u00fcber 50 L\u00e4ndern verglichen. Global stiegen die privaten Geldverm\u00f6gen im vergangenen Jahr um 7,7%. <\/p>\r\n<p>W\u00e4hrend <a href=\"https:\/\/www.welt.de\/print\/die_welt\/finanzen\/article181680816\/Deutschlands-Vermoegen-sind-sehr-ungleich-verteilt.html\" target=\"_blank\" rel=\"noreferrer noopener\">Deutschland<\/a> mit 5,1% leicht \u00fcber dem europ\u00e4ischen Durchschnitt liegt, ist das Reich der Mitte mit satten 14% Spitzenreiter. Rund 500 Millionen Chinesen sind dem Bericht zufolge seit 2000 in die globale Mittelklasse aufgestiegen. Zur Oberklasse der Verm\u00f6genden z\u00e4hlen weitere 100 Millionen. Das Wohlstandswachstum verschiebt sich weiter nach Fernost.<\/p>\r\n\r\n\r\n\r\n<p><b>Mehr zum Thema:<\/b><\/p>\r\n\r\n\r\n\r\n<ul class=\"wp-block-list\">\r\n<li><a href=\"http:\/\/docs.dpaq.de\/14037-allianz__global_wealth_report_2018_d.pdf\" target=\"_blank\" rel=\"noreferrer noopener\">Global Wealth Report<\/a> der Allianz<\/li>\r\n<li><a href=\"http:\/\/www.faz.net\/aktuell\/politik\/ausland\/suedchina-eltern-protestieren-gegen-wanderarbeiter-schueler-15808403.html\" target=\"_blank\" rel=\"noreferrer noopener\">Die \u00c4ngste der chinesischen Mittelklasse<\/a><\/li>\r\n<li>Kommentar <a href=\"https:\/\/www.dw.com\/de\/sierens-china-die-chinesen-kommen\/a-45737176\" target=\"_blank\" rel=\"noreferrer noopener\">zur Reiselust der neuen Mittelklasse<\/a><\/li>\r\n<\/ul>\r\n\r\n\r\n\r\n<h3 class=\"wp-block-heading\"><strong>Vatikan und Peking schlie\u00dfen\u00a0Abkommen<br \/><\/strong><\/h3>\r\n<p>Mit der Religionsfreiheit ist es oftmals alles andere als leicht in China, nicht nur f\u00fcr Anh\u00e4nger des Islam oder von Falun Gong. Auch die H\u00e4lfte der etwa 12 Millionen Katholiken im Reich der Mitte lebt ihren Glauben in der sogenannten Untergrundkirche und ist staatlichen Repressalien ausgesetzt. Kern des jahrzehntealten Streits ist die Frage, wer die chinesischen Bisch\u00f6fe ernennen darf, der Vatikan in Rom oder die Partei in Peking. Jetzt wurde nach langem Ringen ein neues <a href=\"https:\/\/www.dw.com\/de\/china-und-vatikan-schlie%C3%9Fen-historisches-abkommen\/a-45600785\" target=\"_blank\" rel=\"noreferrer noopener\">Abkommen<\/a> zwischen Vatikan und chinesichen Regierungsvertretern\u00a0in Peking unterzeichnet.<\/p>\r\n\r\n\r\n\r\n<p>In einem Interview mit der <a href=\"https:\/\/www.sueddeutsche.de\/politik\/katholizismus-in-china-nun-will-ihr-vater-dass-sie-sterben-1.4150982?reduced=true\" target=\"_blank\" rel=\"noreferrer noopener\">S\u00fcddeutschen Zeitung<\/a> bezeichnet der ehemalige Bischof von Hong Kong, Joseph Zen, das Abkommen als &#8222;Selbstmordpakt&#8220; und beklagt, die Stimmen der chinesischen Katholiken blieben in Rom ungeh\u00f6rt:<\/p>\r\n\r\n\r\n\r\n<p><em>&#8222;Der Vatikan hat schon lange die offizielle Kirche an den Strippen der KP hofiert und die Untergrundkirche zu Kompromissen und zum Schweigen angehalten.&#8220;<\/em><\/p>\r\n\r\n\r\n\r\n<p><em>&#8222;Chinas Regierung kann nun mit Unterst\u00fctzung des Pabstes darangehen, die Untergrundkirche auszul\u00f6schen.&#8220;<\/em><\/p>\r\n\r\n\r\n\r\n<p><strong>Mehr zum Thema: <\/strong><\/p>\r\n\r\n\r\n\r\n<ul class=\"wp-block-list\">\r\n<li>FAZ: <a href=\"http:\/\/www.faz.net\/aktuell\/politik\/ausland\/die-katholiken-in-china-verstehen-den-papst-nicht-mehr-15514113.html\" target=\"_blank\" rel=\"noreferrer noopener\">Die Katholiken in China verstehen den Papst nicht mehr<\/a><\/li>\r\n<li>Interview auf domradio.de mit Katharina Wenzel-Teuber (Katholisches China Zentrum in Sankt Augustin) zum<a href=\"https:\/\/www.domradio.de\/themen\/vatikan\/2018-09-24\/was-hinter-dem-abkommen-zwischen-dem-vatikan-und-china-stecken-koennte\" target=\"_blank\" rel=\"noreferrer noopener\"> Abkommen zwischen dem Vatikan und Peking<\/a><\/li>\r\n<\/ul>\r\n\r\n\r\n\r\n<h2 class=\"wp-block-heading\">Neues von der Seidenstra\u00dfe<\/h2>\r\n\r\n\r\n\r\n<p><strong>R\u00fcckblick:<\/strong> Anfang September 2013 legte Pr\u00e4sident Xi Jinping in der kasachischen Hauptstadt Astana den Grundstein f\u00fcr das Megaprojekt &#8222;Neue Seidenstra\u00dfe&#8220;.<\/p>\r\n\r\n\r\n\r\n<p>F\u00fcnf Jahre sp\u00e4ter umfasst die &#8222;One Belt One Road&#8220; (OBOR) oder &#8222;Belt and Road Initiative&#8220; (BRI) bereits Kooperationsvorhaben mit \u00fcber 100 Staaten und internationalen Organisationen.<\/p>\r\n\r\n\r\n\r\n<p><strong>Europa<\/strong>: Das EU-Mitglied Griechenland unterzeichnete j\u00fcngst eine <a href=\"http:\/\/www.faz.net\/aktuell\/politik\/ausland\/griechenland-will-an-chinas-neuer-seidenstrasse-teilhaben-15760183.html\">Absichtserkl\u00e4rung zum Seidenstra\u00dfenprojekt<\/a>. Nach Ungarn und der Tschechischen Republik ist Griechenland damit das dritte EU-Land, welches ein MoU (Memorandum of Understanding) mit der Regierung in Peking unterzeichnet hat<strong>. <\/strong>Bilaterale Abkommen wie diese zeigen, dass eine gemeinsame und abgestimmte Haltung der EU gegen\u00fcber China weiterhin fehlt, ob in Griechenland, Osteuropa oder dem Westbalkan.<\/p>\r\n\r\n\r\n\r\n<p>Die Antwort der EU auf das Seidenstrassenprojekt soll die sogenannte &#8222;Konnektivit\u00e4tsstrategie&#8220; werden. Um den drohenden Machtverlust und den Einflu\u00df China&#8217;s in Osteuropa und Zentralasien etwas entgegenzusetzen, setzt die EU auf den &#8222;europ\u00e4ischen Weg&#8220;: Mit Multilateralismus, verbindlichen Regeln, Werten, und Qualit\u00e4tsstandards m\u00f6chte die EU punkten und sich als Gegenmodell zum chinesischen Jahrhundertprojekt behaupten. Bis 2027 sollen hierf\u00fcr etwa 123 Milliarden Euro zur Verf\u00fcgung gestellt werden.<\/p>\r\n\r\n\r\n\r\n<p><strong>Asien: <\/strong>\u00dcberschuldung und dadurch entstehende Abh\u00e4ngigkeiten sind Kritikpunkte, die in letzter Zeit immer \u00f6fter im Zusammenhang mit dem Seidenstrassenprojekt genannt werden.<\/p>\r\n<p>Und es folgen Taten, wie z.B. in Malaysia. Dort hat der neue Premierminister Mahathir einen Baustopp f\u00fcr das gigantische Immobilienprojekt namens &#8222;Forest City&#8220; verh\u00e4ngt. Einmal fertig gestellt, sollte die $100 Milliarden teure Retortenstadt in K\u00fcstenn\u00e4he Wohnraum f\u00fcr 700.00 Personen bieten. Das die Wohnungen fast ausschlie\u00dflich von Chinesen gekauft und bewohnt werden sollen, findet der neue Premier unakzeptabel, wie die <a href=\"https:\/\/www.nzz.ch\/wirtschaft\/malaysia-zueckt-rote-karte-fuer-festlandchinesen-ld.1414778\" target=\"_blank\" rel=\"noreferrer noopener\">NZZ<\/a> berichtet.<\/p>\r\n\r\n\r\n\r\n<p><strong>Mehr zum Thema: <\/strong><\/p>\r\n\r\n\r\n\r\n<ul class=\"wp-block-list\">\r\n<li>Audio: <a href=\"https:\/\/www.deutschlandfunk.de\/chinas-neue-weltordnung-das-megaprojekt-neue-seidenstrasse.799.de.html?dram:article_id=426344\" target=\"_blank\" rel=\"noreferrer noopener\">Chinas neue Weltordnung: Megaprojekt Neue Seidenstra\u00dfe<\/a><\/li>\r\n<li>Konnektivit\u00e4tsstrategie: <a href=\"https:\/\/www.jungewelt.de\/artikel\/340694.nicht-auf-augenh%C3%B6he-eu-fordert-china-heraus.html\" target=\"_blank\" rel=\"noreferrer noopener\">EU fordert China heraus<\/a><\/li>\r\n<li><a href=\"https:\/\/ec.europa.eu\/germany\/news\/20190919_de\" target=\"_blank\" rel=\"noreferrer noopener\">Pressemitteilung<\/a> der Europ\u00e4ischen Kommission<\/li>\r\n<li><a href=\"https:\/\/www.handelsblatt.com\/infografiken\/grafik\/infografik-zur-neuen-seidenstrasse-die-neue-seidenstrasse-chinas-gigantisches-handelsprojekt\/22626748-all.html?v2hbgdebugoptions=false&amp;v2hbgfontcssgotham=https:\/\/cloud.typography.com\/6111652\/6952372\/css\/fonts.css&amp;v2hbgmode=web&amp;v2hbgfontcssgothamnarrow=https:\/\/cloud.typography.com\/6111652\/777268\/css\/fonts.css&amp;v2hbgtrackingscript=\/downloads\/13858302\/50\/vhb_g_embed_v2_tracking.js\" target=\"_blank\" rel=\"noreferrer noopener\">Infografik<\/a> zum Seidenstrassenprojekt<\/li>\r\n<\/ul>\r\n\r\n\r\n\r\n<h3 class=\"wp-block-heading\">Lesens-, Sehens- H\u00f6renswertes<\/h3>\r\n\r\n\r\n\r\n<ul class=\"wp-block-list\">\r\n<li>ARD: <a href=\"https:\/\/www.tagesschau.de\/ausland\/uiguren-china-101.html\" target=\"_blank\" rel=\"noreferrer noopener\">Zur Lage der Uighuren<\/a><\/li>\r\n<li>NZZ: Zur <a href=\"https:\/\/www.nzz.ch\/international\/um-die-menschenrechte-steht-es-in-china-bestens-sagt-china-ld.1411184\" target=\"_blank\" rel=\"noreferrer noopener\">Menschenrechtslage<\/a> in China<\/li>\r\n<li>ZEIT: Interview mit China-Experten \u00fcber <a href=\"https:\/\/www.zeit.de\/politik\/ausland\/2018-08\/china-kritik-xi-jinping-donald-trump\" target=\"_blank\" rel=\"noreferrer noopener\">Kritik an Pr\u00e4sident Xi<\/a><\/li>\r\n<li>HANDELSBLATT: <a href=\"https:\/\/www.handelsblatt.com\/politik\/international\/ausbauplaene-chinatown-duisburg-wie-das-ruhrgebiet-von-der-seidenstrasse-2-0-profitieren-will\/23098358.html\" target=\"_blank\" rel=\"noreferrer noopener\">Duisburg und die neue Seidenstrasse<\/a><\/li>\r\n<li>SZ:<a href=\"https:\/\/www.sueddeutsche.de\/wirtschaft\/werkstatt-siemens-china-1.4149142\" target=\"_blank\" rel=\"noreferrer noopener\"> Korruption im chinesischen Gesundheitssektor<\/a> (Video)<\/li>\r\n<li>HUMAN RIGHTS WATCH: <a href=\"https:\/\/www.hrw.org\/report\/2018\/09\/09\/eradicating-ideological-viruses\/chinas-campaign-repression-against-xinjiangs\" target=\"_blank\" rel=\"noreferrer noopener\">Bericht zur Lage in Xinjiang<\/a> (Englisch)<\/li>\r\n<\/ul>\r\n<hr \/>\r\n<p>&nbsp;<\/p>\r\n","protected":false},"excerpt":{"rendered":"<div class=\"mh-excerpt\"><p>? Chinas stellt globale Verm\u00f6gensmittelklasse, Europa hinkt hinterher?<br \/>\n? Vatikan und Peking schlie\u00dfen Abkommen<br \/>\n? Lesens-, Sehens- H\u00f6renswertes<br \/>\n? Neues von der Seidenstra\u00dfe<\/p>\n<\/div>","protected":false},"author":1,"featured_media":0,"comment_status":"open","ping_status":"open","sticky":false,"template":"","format":"standard","meta":{"footnotes":""},"categories":[1,24],"tags":[15,28,29,30],"class_list":["post-302","post","type-post","status-publish","format-standard","hentry","category-allgemein","category-politik-wirtschaft","tag-menschenrechte","tag-neue-seidenstrasse","tag-vatikan","tag-vermoegen"],"yoast_head":"<!-- This site is optimized with the Yoast SEO plugin v27.5 - https:\/\/yoast.com\/product\/yoast-seo-wordpress\/ -->\n<title>Globale Mittelklasse in China, Vatikan, BRI - China im 21. Jhdt.<\/title>\n<meta name=\"description\" content=\"69 Jahre VR China - Goldene Woche - China stellt globale Mittelklasse - Vatikan und Peking unterzeichnen Abkommen -Neues von der Seidenstrasse\" \/>\n<meta name=\"robots\" content=\"index, follow, max-snippet:-1, max-image-preview:large, max-video-preview:-1\" \/>\n<link rel=\"canonical\" href=\"https:\/\/www.sinoskop.de\/blog\/china-vatikan-abkommen-mittelklasse\/\" \/>\n<meta property=\"og:locale\" content=\"de_DE\" \/>\n<meta property=\"og:type\" content=\"article\" \/>\n<meta property=\"og:title\" content=\"Globale Mittelklasse in China, Vatikan, BRI - China im 21. Jhdt.\" \/>\n<meta property=\"og:description\" content=\"69 Jahre VR China - Goldene Woche - China stellt globale Mittelklasse - Vatikan und Peking unterzeichnen Abkommen -Neues von der Seidenstrasse\" \/>\n<meta property=\"og:url\" content=\"https:\/\/www.sinoskop.de\/blog\/china-vatikan-abkommen-mittelklasse\/\" \/>\n<meta property=\"og:site_name\" content=\"China Blog Sinoskop\" \/>\n<meta property=\"article:published_time\" content=\"2018-11-05T11:37:13+00:00\" \/>\n<meta property=\"article:modified_time\" content=\"2023-07-16T15:52:54+00:00\" \/>\n<meta name=\"author\" content=\"Matthias M.\" \/>\n<meta name=\"twitter:card\" content=\"summary_large_image\" \/>\n<meta name=\"twitter:creator\" content=\"@sinoskop\" \/>\n<meta name=\"twitter:site\" content=\"@sinoskop\" \/>\n<meta name=\"twitter:label1\" content=\"Verfasst von\" \/>\n\t<meta name=\"twitter:data1\" content=\"Matthias M.\" \/>\n\t<meta name=\"twitter:label2\" content=\"Gesch\u00e4tzte Lesezeit\" \/>\n\t<meta name=\"twitter:data2\" content=\"4\u00a0Minuten\" \/>\n<script type=\"application\/ld+json\" class=\"yoast-schema-graph\">{\"@context\":\"https:\\\/\\\/schema.org\",\"@graph\":[{\"@type\":\"Article\",\"@id\":\"https:\\\/\\\/www.sinoskop.de\\\/blog\\\/china-vatikan-abkommen-mittelklasse\\\/#article\",\"isPartOf\":{\"@id\":\"https:\\\/\\\/www.sinoskop.de\\\/blog\\\/china-vatikan-abkommen-mittelklasse\\\/\"},\"author\":{\"name\":\"Matthias M.\",\"@id\":\"https:\\\/\\\/www.sinoskop.de\\\/blog\\\/#\\\/schema\\\/person\\\/dbe836c6fc7202cdf3ecfb132a484a8a\"},\"headline\":\"#1 Bericht zu globalem Privatverm\u00f6gen &#8211; Abkommen zwischen Vatikan und Peking &#8211; Neues von der Seidenstrasse\",\"datePublished\":\"2018-11-05T11:37:13+00:00\",\"dateModified\":\"2023-07-16T15:52:54+00:00\",\"mainEntityOfPage\":{\"@id\":\"https:\\\/\\\/www.sinoskop.de\\\/blog\\\/china-vatikan-abkommen-mittelklasse\\\/\"},\"wordCount\":719,\"commentCount\":0,\"publisher\":{\"@id\":\"https:\\\/\\\/www.sinoskop.de\\\/blog\\\/#\\\/schema\\\/person\\\/dbe836c6fc7202cdf3ecfb132a484a8a\"},\"keywords\":[\"Menschenrechte\",\"Neue Seidenstrasse\",\"Vatikan\",\"Verm\u00f6gen\"],\"articleSection\":{\"1\":\"Politik &amp; Wirtschaft\"},\"inLanguage\":\"de\",\"potentialAction\":[{\"@type\":\"CommentAction\",\"name\":\"Comment\",\"target\":[\"https:\\\/\\\/www.sinoskop.de\\\/blog\\\/china-vatikan-abkommen-mittelklasse\\\/#respond\"]}]},{\"@type\":\"WebPage\",\"@id\":\"https:\\\/\\\/www.sinoskop.de\\\/blog\\\/china-vatikan-abkommen-mittelklasse\\\/\",\"url\":\"https:\\\/\\\/www.sinoskop.de\\\/blog\\\/china-vatikan-abkommen-mittelklasse\\\/\",\"name\":\"Globale Mittelklasse in China, Vatikan, BRI - China im 21. Jhdt.\",\"isPartOf\":{\"@id\":\"https:\\\/\\\/www.sinoskop.de\\\/blog\\\/#website\"},\"datePublished\":\"2018-11-05T11:37:13+00:00\",\"dateModified\":\"2023-07-16T15:52:54+00:00\",\"description\":\"69 Jahre VR China - Goldene Woche - China stellt globale Mittelklasse - Vatikan und Peking unterzeichnen Abkommen -Neues von der Seidenstrasse\",\"breadcrumb\":{\"@id\":\"https:\\\/\\\/www.sinoskop.de\\\/blog\\\/china-vatikan-abkommen-mittelklasse\\\/#breadcrumb\"},\"inLanguage\":\"de\",\"potentialAction\":[{\"@type\":\"ReadAction\",\"target\":[\"https:\\\/\\\/www.sinoskop.de\\\/blog\\\/china-vatikan-abkommen-mittelklasse\\\/\"]}]},{\"@type\":\"BreadcrumbList\",\"@id\":\"https:\\\/\\\/www.sinoskop.de\\\/blog\\\/china-vatikan-abkommen-mittelklasse\\\/#breadcrumb\",\"itemListElement\":[{\"@type\":\"ListItem\",\"position\":1,\"name\":\"Startseite\",\"item\":\"https:\\\/\\\/www.sinoskop.de\\\/blog\\\/\"},{\"@type\":\"ListItem\",\"position\":2,\"name\":\"#1 Bericht zu globalem Privatverm\u00f6gen &#8211; Abkommen zwischen Vatikan und Peking &#8211; Neues von der Seidenstrasse\"}]},{\"@type\":\"WebSite\",\"@id\":\"https:\\\/\\\/www.sinoskop.de\\\/blog\\\/#website\",\"url\":\"https:\\\/\\\/www.sinoskop.de\\\/blog\\\/\",\"name\":\"China Blog Sinoskop\",\"description\":\"China im 21. Jahrhundert betrachten\",\"publisher\":{\"@id\":\"https:\\\/\\\/www.sinoskop.de\\\/blog\\\/#\\\/schema\\\/person\\\/dbe836c6fc7202cdf3ecfb132a484a8a\"},\"alternateName\":\"Sinoskop\",\"potentialAction\":[{\"@type\":\"SearchAction\",\"target\":{\"@type\":\"EntryPoint\",\"urlTemplate\":\"https:\\\/\\\/www.sinoskop.de\\\/blog\\\/?s={search_term_string}\"},\"query-input\":{\"@type\":\"PropertyValueSpecification\",\"valueRequired\":true,\"valueName\":\"search_term_string\"}}],\"inLanguage\":\"de\"},{\"@type\":[\"Person\",\"Organization\"],\"@id\":\"https:\\\/\\\/www.sinoskop.de\\\/blog\\\/#\\\/schema\\\/person\\\/dbe836c6fc7202cdf3ecfb132a484a8a\",\"name\":\"Matthias M.\",\"image\":{\"@type\":\"ImageObject\",\"inLanguage\":\"de\",\"@id\":\"https:\\\/\\\/www.sinoskop.de\\\/blog\\\/wp-content\\\/uploads\\\/2023\\\/12\\\/cropped-cropped-IMG_0911-e1701450243917.jpeg\",\"url\":\"https:\\\/\\\/www.sinoskop.de\\\/blog\\\/wp-content\\\/uploads\\\/2023\\\/12\\\/cropped-cropped-IMG_0911-e1701450243917.jpeg\",\"contentUrl\":\"https:\\\/\\\/www.sinoskop.de\\\/blog\\\/wp-content\\\/uploads\\\/2023\\\/12\\\/cropped-cropped-IMG_0911-e1701450243917.jpeg\",\"width\":249,\"height\":83,\"caption\":\"Matthias M.\"},\"logo\":{\"@id\":\"https:\\\/\\\/www.sinoskop.de\\\/blog\\\/wp-content\\\/uploads\\\/2023\\\/12\\\/cropped-cropped-IMG_0911-e1701450243917.jpeg\"},\"sameAs\":[\"https:\\\/\\\/x.com\\\/sinoskop\"]}]}<\/script>\n<!-- \/ Yoast SEO plugin. -->","yoast_head_json":{"title":"Globale Mittelklasse in China, Vatikan, BRI - China im 21. Jhdt.","description":"69 Jahre VR China - Goldene Woche - China stellt globale Mittelklasse - Vatikan und Peking unterzeichnen Abkommen -Neues von der Seidenstrasse","robots":{"index":"index","follow":"follow","max-snippet":"max-snippet:-1","max-image-preview":"max-image-preview:large","max-video-preview":"max-video-preview:-1"},"canonical":"https:\/\/www.sinoskop.de\/blog\/china-vatikan-abkommen-mittelklasse\/","og_locale":"de_DE","og_type":"article","og_title":"Globale Mittelklasse in China, Vatikan, BRI - China im 21. Jhdt.","og_description":"69 Jahre VR China - Goldene Woche - China stellt globale Mittelklasse - Vatikan und Peking unterzeichnen Abkommen -Neues von der Seidenstrasse","og_url":"https:\/\/www.sinoskop.de\/blog\/china-vatikan-abkommen-mittelklasse\/","og_site_name":"China Blog Sinoskop","article_published_time":"2018-11-05T11:37:13+00:00","article_modified_time":"2023-07-16T15:52:54+00:00","author":"Matthias M.","twitter_card":"summary_large_image","twitter_creator":"@sinoskop","twitter_site":"@sinoskop","twitter_misc":{"Verfasst von":"Matthias M.","Gesch\u00e4tzte Lesezeit":"4\u00a0Minuten"},"schema":{"@context":"https:\/\/schema.org","@graph":[{"@type":"Article","@id":"https:\/\/www.sinoskop.de\/blog\/china-vatikan-abkommen-mittelklasse\/#article","isPartOf":{"@id":"https:\/\/www.sinoskop.de\/blog\/china-vatikan-abkommen-mittelklasse\/"},"author":{"name":"Matthias M.","@id":"https:\/\/www.sinoskop.de\/blog\/#\/schema\/person\/dbe836c6fc7202cdf3ecfb132a484a8a"},"headline":"#1 Bericht zu globalem Privatverm\u00f6gen &#8211; Abkommen zwischen Vatikan und Peking &#8211; Neues von der Seidenstrasse","datePublished":"2018-11-05T11:37:13+00:00","dateModified":"2023-07-16T15:52:54+00:00","mainEntityOfPage":{"@id":"https:\/\/www.sinoskop.de\/blog\/china-vatikan-abkommen-mittelklasse\/"},"wordCount":719,"commentCount":0,"publisher":{"@id":"https:\/\/www.sinoskop.de\/blog\/#\/schema\/person\/dbe836c6fc7202cdf3ecfb132a484a8a"},"keywords":["Menschenrechte","Neue Seidenstrasse","Vatikan","Verm\u00f6gen"],"articleSection":{"1":"Politik &amp; Wirtschaft"},"inLanguage":"de","potentialAction":[{"@type":"CommentAction","name":"Comment","target":["https:\/\/www.sinoskop.de\/blog\/china-vatikan-abkommen-mittelklasse\/#respond"]}]},{"@type":"WebPage","@id":"https:\/\/www.sinoskop.de\/blog\/china-vatikan-abkommen-mittelklasse\/","url":"https:\/\/www.sinoskop.de\/blog\/china-vatikan-abkommen-mittelklasse\/","name":"Globale Mittelklasse in China, Vatikan, BRI - China im 21. Jhdt.","isPartOf":{"@id":"https:\/\/www.sinoskop.de\/blog\/#website"},"datePublished":"2018-11-05T11:37:13+00:00","dateModified":"2023-07-16T15:52:54+00:00","description":"69 Jahre VR China - Goldene Woche - China stellt globale Mittelklasse - Vatikan und Peking unterzeichnen Abkommen -Neues von der Seidenstrasse","breadcrumb":{"@id":"https:\/\/www.sinoskop.de\/blog\/china-vatikan-abkommen-mittelklasse\/#breadcrumb"},"inLanguage":"de","potentialAction":[{"@type":"ReadAction","target":["https:\/\/www.sinoskop.de\/blog\/china-vatikan-abkommen-mittelklasse\/"]}]},{"@type":"BreadcrumbList","@id":"https:\/\/www.sinoskop.de\/blog\/china-vatikan-abkommen-mittelklasse\/#breadcrumb","itemListElement":[{"@type":"ListItem","position":1,"name":"Startseite","item":"https:\/\/www.sinoskop.de\/blog\/"},{"@type":"ListItem","position":2,"name":"#1 Bericht zu globalem Privatverm\u00f6gen &#8211; Abkommen zwischen Vatikan und Peking &#8211; Neues von der Seidenstrasse"}]},{"@type":"WebSite","@id":"https:\/\/www.sinoskop.de\/blog\/#website","url":"https:\/\/www.sinoskop.de\/blog\/","name":"China Blog Sinoskop","description":"China im 21. Jahrhundert betrachten","publisher":{"@id":"https:\/\/www.sinoskop.de\/blog\/#\/schema\/person\/dbe836c6fc7202cdf3ecfb132a484a8a"},"alternateName":"Sinoskop","potentialAction":[{"@type":"SearchAction","target":{"@type":"EntryPoint","urlTemplate":"https:\/\/www.sinoskop.de\/blog\/?s={search_term_string}"},"query-input":{"@type":"PropertyValueSpecification","valueRequired":true,"valueName":"search_term_string"}}],"inLanguage":"de"},{"@type":["Person","Organization"],"@id":"https:\/\/www.sinoskop.de\/blog\/#\/schema\/person\/dbe836c6fc7202cdf3ecfb132a484a8a","name":"Matthias M.","image":{"@type":"ImageObject","inLanguage":"de","@id":"https:\/\/www.sinoskop.de\/blog\/wp-content\/uploads\/2023\/12\/cropped-cropped-IMG_0911-e1701450243917.jpeg","url":"https:\/\/www.sinoskop.de\/blog\/wp-content\/uploads\/2023\/12\/cropped-cropped-IMG_0911-e1701450243917.jpeg","contentUrl":"https:\/\/www.sinoskop.de\/blog\/wp-content\/uploads\/2023\/12\/cropped-cropped-IMG_0911-e1701450243917.jpeg","width":249,"height":83,"caption":"Matthias M."},"logo":{"@id":"https:\/\/www.sinoskop.de\/blog\/wp-content\/uploads\/2023\/12\/cropped-cropped-IMG_0911-e1701450243917.jpeg"},"sameAs":["https:\/\/x.com\/sinoskop"]}]}},"_links":{"self":[{"href":"https:\/\/www.sinoskop.de\/blog\/wp-json\/wp\/v2\/posts\/302","targetHints":{"allow":["GET"]}}],"collection":[{"href":"https:\/\/www.sinoskop.de\/blog\/wp-json\/wp\/v2\/posts"}],"about":[{"href":"https:\/\/www.sinoskop.de\/blog\/wp-json\/wp\/v2\/types\/post"}],"author":[{"embeddable":true,"href":"https:\/\/www.sinoskop.de\/blog\/wp-json\/wp\/v2\/users\/1"}],"replies":[{"embeddable":true,"href":"https:\/\/www.sinoskop.de\/blog\/wp-json\/wp\/v2\/comments?post=302"}],"version-history":[{"count":0,"href":"https:\/\/www.sinoskop.de\/blog\/wp-json\/wp\/v2\/posts\/302\/revisions"}],"wp:attachment":[{"href":"https:\/\/www.sinoskop.de\/blog\/wp-json\/wp\/v2\/media?parent=302"}],"wp:term":[{"taxonomy":"category","embeddable":true,"href":"https:\/\/www.sinoskop.de\/blog\/wp-json\/wp\/v2\/categories?post=302"},{"taxonomy":"post_tag","embeddable":true,"href":"https:\/\/www.sinoskop.de\/blog\/wp-json\/wp\/v2\/tags?post=302"}],"curies":[{"name":"wp","href":"https:\/\/api.w.org\/{rel}","templated":true}]}}