{"id":6577,"date":"2024-05-07T10:26:25","date_gmt":"2024-05-07T08:26:25","guid":{"rendered":"https:\/\/www.sinoskop.de\/blog\/?p=6577"},"modified":"2025-09-11T17:48:01","modified_gmt":"2025-09-11T15:48:01","slug":"xi-jinping-alexander-vucic-china-serbien","status":"publish","type":"post","link":"https:\/\/www.sinoskop.de\/blog\/xi-jinping-alexander-vucic-china-serbien\/","title":{"rendered":"Xi Jinping trifft Alexander Vu\u010di\u0107 &#8211; China und Serbien (#120)"},"content":{"rendered":"<blockquote><p>With us it is very simple. I\u2019m not gonna take more than ten seconds about it, you can count it.<\/p>\n<p>Taiwan is China. And it\u2019s up to you what, when, how you gonna do it.<\/p>\n<p>Full stop.<\/p><\/blockquote>\n<p style=\"text-align: right;\">Alexander Vu\u010di\u0107 \u00fcber Taiwan, CGTN, Februar 2024.<\/p>\n<p><!--more--><\/p>\n<h2>Xi Jinping trifft Alexander Vu\u010di\u0107 &#8211; China und Serbien<\/h2>\n<p>Dienstag und Mittwoch dieser Woche wird Chinas Staats- und Regierungschef Xi Jinping in der serbischen Hauptstadt Belgrad erwartet. Ein kurzer \u00dcberblick zu den Beziehungen zwischen Serbien und China und dem Verh\u00e4ltnis zwischen Xi Jinping und Alexander Vu\u010di\u0107.<\/p>\n<p>Zum ersten Mal besuchte Xi Jinping den Balkanstaat im Jahr 2016 und unterzeichnete in Belgrad die \u201eumfassende strategische Partnerschaft\u201c zwischen China und Serbien.<\/p>\n<p>Seitdem haben sich die Beziehungen zu einer \u201est\u00e4hlernen Freundschaft\u201c weiterentwickelt und Serbien ist Teil von Chinas Belt-and-Road Initiative (BRI). 2023 nahm der serbische Pr\u00e4sident Alexander Vu\u010di\u0107 am 3. BRI Forum in Peking teil und unterzeichnete ein bilaterales Freihandelsabkommen.<\/p>\n<p>Nach Inkrafttreten des Freihandelsabkommens wird der bilaterale Handel weiter auf Wachstumskurs bleiben. 2022 importierte Serbien Waren aus China f\u00fcr 4,98 Milliarden Dollar und exportierte f\u00fcr 1,17 Mrd. Dollar.[1] Innerhalb eines Jahrzehnts ist die Volksrepublik zu Serbiens zweitgr\u00f6\u00dftem Handelspartner, einem Hauptinvestor und Gl\u00e4ubiger geworden.<\/p>\n<p>Chinesische Staatsfirmen haben sich in Serbien eingekauft. 2016 kaufte der drittgr\u00f6\u00dfte Stahlproduzent der Welt, die chinesische HBIS-Gruppe, das Stahlwerk Zelezara Smederevo. Das als \u201eStolz Serbiens\u201c bekannte Stahlwerk soll im letzten Jahrzehnt zu einer Vervierfachung der Krebserkrankungen im Ort gef\u00fchrt haben.<\/p>\n<div class=\"lyte-wrapper fourthree\" style=\"width:420px;max-width:100%;margin:5px auto;\"><div class=\"lyMe\" id=\"WYL_Cd9JjBeMA2Q\"><div id=\"lyte_Cd9JjBeMA2Q\" data-src=\"https:\/\/www.sinoskop.de\/blog\/wp-content\/plugins\/wp-youtube-lyte\/lyteCache.php?origThumbUrl=%2F%2Fi.ytimg.com%2Fvi%2FCd9JjBeMA2Q%2Fhqdefault.jpg\" class=\"pL\"><div class=\"tC\"><div class=\"tT\"><\/div><\/div><div class=\"play\"><\/div><div class=\"ctrl\"><div class=\"Lctrl\"><\/div><div class=\"Rctrl\"><\/div><\/div><\/div><noscript><a href=\"https:\/\/youtu.be\/Cd9JjBeMA2Q\" rel=\"nofollow\"><img loading=\"lazy\" decoding=\"async\" src=\"https:\/\/www.sinoskop.de\/blog\/wp-content\/plugins\/wp-youtube-lyte\/lyteCache.php?origThumbUrl=https%3A%2F%2Fi.ytimg.com%2Fvi%2FCd9JjBeMA2Q%2F0.jpg\" alt=\"YouTube-Video-Vorschaubild\" width=\"420\" height=\"295\" \/><\/a><\/noscript><\/div><\/div><div class=\"lL\" style=\"max-width:100%;width:420px;margin:5px auto;\"> <a href=\"https:\/\/youtu.be\/Cd9JjBeMA2Q\" target=\"_blank\">Dieses Video auf YouTube ansehen<\/a>.<\/div><\/p>\n<p>Der chinesische Staatskonzern Zijin Mining kaufte 2018 eine Mehrheitsbeteiligung an der Mine in der Stadt Bor im Osten Serbiens. Letztes Jahr k\u00fcndigte der Konzern weitere Milliardeninvestitionen in die Kupfer- und Goldmine an. Wegen unzureichender Arbeits- und Umweltstandards stehen die chinesischen Projekte und der serbische Staat in der Kritik.<\/p>\n<div class=\"lyte-wrapper fourthree\" style=\"width:420px;max-width:100%;margin:5px auto;\"><div class=\"lyMe\" id=\"WYL_S4OJc2P0KTw\"><div id=\"lyte_S4OJc2P0KTw\" data-src=\"https:\/\/www.sinoskop.de\/blog\/wp-content\/plugins\/wp-youtube-lyte\/lyteCache.php?origThumbUrl=%2F%2Fi.ytimg.com%2Fvi%2FS4OJc2P0KTw%2Fhqdefault.jpg\" class=\"pL\"><div class=\"tC\"><div class=\"tT\"><\/div><\/div><div class=\"play\"><\/div><div class=\"ctrl\"><div class=\"Lctrl\"><\/div><div class=\"Rctrl\"><\/div><\/div><\/div><noscript><a href=\"https:\/\/youtu.be\/S4OJc2P0KTw\" rel=\"nofollow\"><img loading=\"lazy\" decoding=\"async\" src=\"https:\/\/www.sinoskop.de\/blog\/wp-content\/plugins\/wp-youtube-lyte\/lyteCache.php?origThumbUrl=https%3A%2F%2Fi.ytimg.com%2Fvi%2FS4OJc2P0KTw%2F0.jpg\" alt=\"YouTube-Video-Vorschaubild\" width=\"420\" height=\"295\" \/><\/a><\/noscript><\/div><\/div><div class=\"lL\" style=\"max-width:100%;width:420px;margin:5px auto;\"> <a href=\"https:\/\/youtu.be\/S4OJc2P0KTw\" target=\"_blank\">Dieses Video auf YouTube ansehen<\/a>.<\/div><\/p>\n<p>Unter Pr\u00e4sident Vu\u010di\u0107 ist Serbien auch ein guter Kunde der chinesischen Milit\u00e4rindustrie. Flugzeuge, Panzer, Drohnen, Milit\u00e4rausr\u00fcstung. 2022 kaufte Serbien als erstes Land in Europa ein chinesisches Raketenabwehrsystem.[2]<\/p>\n<p>Neben chinesisch finanzierten Infrastrukturprojekten ist Serbien auch Teil der digitalen Seidenstra\u00dfe. In Zusammenarbeit mit Huawei sollen Belgrad, Novi Sad und Ni\u0161 zu \u201eSmart Cities\u201c bzw. \u201eSafe Cities\u201c werden.[3]<\/p>\n<h3>Serbien einer der \u201eengsten Freunde in Europa\u201c<\/h3>\n<p>In einem halbst\u00fcndigen \u201eLeaders Talk\u201c Exklusivinterview im Staatsender CGTN vom Februar startet und endet der serbische Pr\u00e4sident mit lobenden Worten. China sei ein wahrer Freund in der Not gewesen, der Serbien als einziger w\u00e4hrend der Corona-Pandemie wirklich geholfen h\u00e4tte.<\/p>\n<p>Es werden Bilder eingespielt die zeigen wie Herr Vu\u010di\u0107 die chinesische Flagge k\u00fc\u00dft, nachdem ein Flugzeug mit Impfstoffen gelandet ist.<\/p>\n<p>Herr Vu\u010di\u0107 spricht immer wieder voller Bewunderung \u00fcber Xi Jinping, der nach seinem Besuch 2016 auf phantastische Weise zum Retter der Mine Bor und von 5200 Arbeitspl\u00e4tzen und Menschen wurde.<\/p>\n<p>Dann nimmt uns CCTV mit auf eine Fahrt im neuen Schnellzug von Belgrad nach Novi Sad. Zuf\u00e4llig sitzt im Zug eine junge Frau, die auf Chinesisch von dieser \u201efantastische Erfahrung\u201c schw\u00e4rmt.<\/p>\n<p>\u00dcberall in Serbien k\u00f6nne man ganz konkret mit eigenen Augen die Fr\u00fcchte der chinesisch-serbischen Solidarit\u00e4t sehen, stellt der Moderator fest.<\/p>\n<p>Der serbische Pr\u00e4sident stimmt zu, spart nicht mit Kritik an der EU und preist lieber das neue Freihandelsabkommen zwischen China und Serbien von 2023. Dank Xi Jinping sei \u201eein Traum wahr geworden.\u201c Herr Vu\u010di\u0107 freut sich auf die zuk\u00fcnftige Zusammenarbeit, denn China und Serbien h\u00e4tten mehr miteinander gemeinsam als die meisten anderen L\u00e4nder der Welt.<\/p>\n<p>\u201eIt\u2019s about people\u2019s souls, something you can feel.\u201c Die \u201eBr\u00fcder und Schwestern aus China\u201c seien in Serbien herzlich willkommen.<\/p>\n<p>Es ist eine meisterhafte Inszenierung mit dem ehemaligen Propagandaminister in der Hauptrolle. Das Video zur \u201est\u00e4hlernen Freundschaft\u201c und dem chinesischen \u201eAuge des Tigers\u201c, welches Europa laut Herrn Vu\u010di\u0107 verloren ging, in voller L\u00e4nge.<\/p>\n<div class=\"lyte-wrapper fourthree\" style=\"width:420px;max-width:100%;margin:5px auto;\"><div class=\"lyMe\" id=\"WYL_A3gryv_ofGI\"><div id=\"lyte_A3gryv_ofGI\" data-src=\"https:\/\/www.sinoskop.de\/blog\/wp-content\/plugins\/wp-youtube-lyte\/lyteCache.php?origThumbUrl=%2F%2Fi.ytimg.com%2Fvi%2FA3gryv_ofGI%2Fhqdefault.jpg\" class=\"pL\"><div class=\"tC\"><div class=\"tT\"><\/div><\/div><div class=\"play\"><\/div><div class=\"ctrl\"><div class=\"Lctrl\"><\/div><div class=\"Rctrl\"><\/div><\/div><\/div><noscript><a href=\"https:\/\/youtu.be\/A3gryv_ofGI\" rel=\"nofollow\"><img loading=\"lazy\" decoding=\"async\" src=\"https:\/\/www.sinoskop.de\/blog\/wp-content\/plugins\/wp-youtube-lyte\/lyteCache.php?origThumbUrl=https%3A%2F%2Fi.ytimg.com%2Fvi%2FA3gryv_ofGI%2F0.jpg\" alt=\"YouTube-Video-Vorschaubild\" width=\"420\" height=\"295\" \/><\/a><\/noscript><\/div><\/div><div class=\"lL\" style=\"max-width:100%;width:420px;margin:5px auto;\"> <a href=\"https:\/\/youtu.be\/A3gryv_ofGI\" target=\"_blank\">Dieses Video auf YouTube ansehen<\/a>.<\/div><\/p>\n<h3>China und Serbien &#8211; was Taiwan f\u00fcr Xi, ist Kosovo f\u00fcr Vu\u010di\u0107<\/h3>\n<p>Der Besuch des \u201eKern-Anf\u00fchrers\u201c am 7. Mai f\u00e4llt auf den 25. Jahrestag der Bombardierung der chinesischen Botschaft in Belgrad durch die NATO. W\u00e4hrend des Besuchs bei Freunden werden Herr Vu\u010di\u0107 und Herr Xi neben dem Ausbau der Beziehungen zwischen China und Serbien den Anlass auch nutzen, um Kritik zu \u00fcben und Feindbilder zu pflegen.<\/p>\n<p>Die in diesem Beitrag eingangs zitierten Aussagen zu Taiwan &#8211; \u201eTaiwan is China. Full stop.\u201c &#8211; lassen sich auch auf Serbiens eigene nationalistische Gebietsanspr\u00fcche im Kosovo \u00fcbertragen. F\u00fcr die Stabilit\u00e4t und Sicherheit in (S\u00fcdost-)Europa bedeutet der Nationalismus Serbiens und die N\u00e4he zu China und Russland eine Reihe von Herausforderungen. Gleiches gilt f\u00fcr einen m\u00f6glichen EU-Beitritt Serbiens.<\/p>\n<h3>Mehr zum Thema\/Quellen<\/h3>\n<p>Wie China in Serbien Fu\u00df fasst (2022).<\/p>\n<div class=\"lyte-wrapper fourthree\" style=\"width:420px;max-width:100%;margin:5px auto;\"><div class=\"lyMe\" id=\"WYL_03_kHL4TDpA\"><div id=\"lyte_03_kHL4TDpA\" data-src=\"https:\/\/www.sinoskop.de\/blog\/wp-content\/plugins\/wp-youtube-lyte\/lyteCache.php?origThumbUrl=%2F%2Fi.ytimg.com%2Fvi%2F03_kHL4TDpA%2Fhqdefault.jpg\" class=\"pL\"><div class=\"tC\"><div class=\"tT\"><\/div><\/div><div class=\"play\"><\/div><div class=\"ctrl\"><div class=\"Lctrl\"><\/div><div class=\"Rctrl\"><\/div><\/div><\/div><noscript><a href=\"https:\/\/youtu.be\/03_kHL4TDpA\" rel=\"nofollow\"><img loading=\"lazy\" decoding=\"async\" src=\"https:\/\/www.sinoskop.de\/blog\/wp-content\/plugins\/wp-youtube-lyte\/lyteCache.php?origThumbUrl=https%3A%2F%2Fi.ytimg.com%2Fvi%2F03_kHL4TDpA%2F0.jpg\" alt=\"YouTube-Video-Vorschaubild\" width=\"420\" height=\"295\" \/><\/a><\/noscript><\/div><\/div><div class=\"lL\" style=\"max-width:100%;width:420px;margin:5px auto;\"> <a href=\"https:\/\/youtu.be\/03_kHL4TDpA\" target=\"_blank\">Dieses Video auf YouTube ansehen<\/a>.<\/div><\/p>\n<p>[1] Serbia political briefing: Free Trade Agreement with the People\u2019s Republic of China. https:\/\/china-cee.eu\/2023\/11\/21\/serbia-political-briefing-free-trade-agreement-with-the-peoples-republic-of-china\/<\/p>\n<p>[2] China liefert Raketenabwehrsystem an prorussisches Serbien, https:\/\/www.derstandard.de\/story\/2000134843580\/china-liefert-raketenabwehrsystem-an-prorussisches-serbien<\/p>\n<p>[3] China\u2019s surveillance tech spreads in Serbian cities, https:\/\/www.newstatesman.com\/world\/2022\/08\/china-surveillance-tech-spreads-serbian-cities<\/p>\n<p><a href=\"https:\/\/www.sinoskop.de\/blog\/xi-jinping-europa-eu-gipfel\/\" target=\"_blank\" rel=\"noopener\">#20 \u2013 Xi Jinping zu Besuch in Europa \u2013 Nach dem Gipfel ist vor dem Gipfel<\/a><\/p>\n<blockquote class=\"wp-embedded-content\" data-secret=\"Gf8IHgnyUk\"><p><a href=\"https:\/\/www.sinoskop.de\/blog\/xi-jinping-europa-eu-gipfel\/\">#20 &#8211; Xi Jinping zu Besuch in Europa &#8211; Nach dem Gipfel ist vor dem Gipfel<\/a><\/p><\/blockquote>\n<p><iframe loading=\"lazy\" class=\"wp-embedded-content\" sandbox=\"allow-scripts\" security=\"restricted\" style=\"position: absolute; visibility: hidden;\" title=\"&#8222;#20 &#8211; Xi Jinping zu Besuch in Europa &#8211; Nach dem Gipfel ist vor dem Gipfel&#8220; &#8212; China Blog Sinoskop\" src=\"https:\/\/www.sinoskop.de\/blog\/xi-jinping-europa-eu-gipfel\/embed\/#?secret=jdSIwpympe#?secret=Gf8IHgnyUk\" data-secret=\"Gf8IHgnyUk\" width=\"500\" height=\"282\" frameborder=\"0\" marginwidth=\"0\" marginheight=\"0\" scrolling=\"no\"><\/iframe><\/p>\n","protected":false},"excerpt":{"rendered":"<div class=\"mh-excerpt\"><p>With us it is very simple. I\u2019m not gonna take more than ten seconds about it, you can count it. Taiwan is China. And it\u2019s up to you what, when, <a class=\"mh-excerpt-more\" href=\"https:\/\/www.sinoskop.de\/blog\/xi-jinping-alexander-vucic-china-serbien\/\" title=\"Xi Jinping trifft Alexander Vu\u010di\u0107 &#8211; China und Serbien (#120)\">[&#8230;]<\/a><\/p>\n<\/div>","protected":false},"author":1,"featured_media":6600,"comment_status":"open","ping_status":"open","sticky":false,"template":"","format":"standard","meta":{"footnotes":""},"categories":[119,14],"tags":[234,104,28],"class_list":["post-6577","post","type-post","status-publish","format-standard","has-post-thumbnail","hentry","category-altes-europa","category-im-sinoskop","tag-balkan","tag-bri","tag-neue-seidenstrasse"],"yoast_head":"<!-- This site is optimized with the Yoast SEO plugin v27.5 - https:\/\/yoast.com\/product\/yoast-seo-wordpress\/ -->\n<title>Xi Jinping trifft Herrn Vu\u010di\u0107 - China und Serbien - China im 21. Jhdt.<\/title>\n<meta name=\"description\" content=\"Chinas Staats- und Regierungschef Xi Jinping zu Gast bei Alexander Vu\u010di\u0107 in Belgrad. Zu den Beziehungen zwischen China und Serbien.\" \/>\n<meta name=\"robots\" content=\"index, follow, max-snippet:-1, max-image-preview:large, max-video-preview:-1\" \/>\n<link rel=\"canonical\" href=\"https:\/\/www.sinoskop.de\/blog\/xi-jinping-alexander-vucic-china-serbien\/\" \/>\n<meta property=\"og:locale\" content=\"de_DE\" \/>\n<meta property=\"og:type\" content=\"article\" \/>\n<meta property=\"og:title\" content=\"Xi Jinping trifft Herrn Vu\u010di\u0107 - China und Serbien - China im 21. Jhdt.\" \/>\n<meta property=\"og:description\" content=\"Chinas Staats- und Regierungschef Xi Jinping zu Gast bei Alexander Vu\u010di\u0107 in Belgrad. Zu den Beziehungen zwischen China und Serbien.\" \/>\n<meta property=\"og:url\" content=\"https:\/\/www.sinoskop.de\/blog\/xi-jinping-alexander-vucic-china-serbien\/\" \/>\n<meta property=\"og:site_name\" content=\"China Blog Sinoskop\" \/>\n<meta property=\"article:published_time\" content=\"2024-05-07T08:26:25+00:00\" \/>\n<meta property=\"article:modified_time\" content=\"2025-09-11T15:48:01+00:00\" \/>\n<meta property=\"og:image\" content=\"https:\/\/www.sinoskop.de\/blog\/wp-content\/uploads\/2024\/05\/IMG_0646.jpeg\" \/>\n\t<meta property=\"og:image:width\" content=\"400\" \/>\n\t<meta property=\"og:image:height\" content=\"313\" \/>\n\t<meta property=\"og:image:type\" content=\"image\/jpeg\" \/>\n<meta name=\"author\" content=\"Matthias M.\" \/>\n<meta name=\"twitter:card\" content=\"summary_large_image\" \/>\n<meta name=\"twitter:creator\" content=\"@sinoskop\" \/>\n<meta name=\"twitter:site\" content=\"@sinoskop\" \/>\n<meta name=\"twitter:label1\" content=\"Verfasst von\" \/>\n\t<meta name=\"twitter:data1\" content=\"Matthias M.\" \/>\n\t<meta name=\"twitter:label2\" content=\"Gesch\u00e4tzte Lesezeit\" \/>\n\t<meta name=\"twitter:data2\" content=\"5\u00a0Minuten\" \/>\n<script type=\"application\/ld+json\" class=\"yoast-schema-graph\">{\"@context\":\"https:\\\/\\\/schema.org\",\"@graph\":[{\"@type\":\"Article\",\"@id\":\"https:\\\/\\\/www.sinoskop.de\\\/blog\\\/xi-jinping-alexander-vucic-china-serbien\\\/#article\",\"isPartOf\":{\"@id\":\"https:\\\/\\\/www.sinoskop.de\\\/blog\\\/xi-jinping-alexander-vucic-china-serbien\\\/\"},\"author\":{\"name\":\"Matthias M.\",\"@id\":\"https:\\\/\\\/www.sinoskop.de\\\/blog\\\/#\\\/schema\\\/person\\\/dbe836c6fc7202cdf3ecfb132a484a8a\"},\"headline\":\"Xi Jinping trifft Alexander Vu\u010di\u0107 &#8211; China und Serbien (#120)\",\"datePublished\":\"2024-05-07T08:26:25+00:00\",\"dateModified\":\"2025-09-11T15:48:01+00:00\",\"mainEntityOfPage\":{\"@id\":\"https:\\\/\\\/www.sinoskop.de\\\/blog\\\/xi-jinping-alexander-vucic-china-serbien\\\/\"},\"wordCount\":877,\"commentCount\":0,\"publisher\":{\"@id\":\"https:\\\/\\\/www.sinoskop.de\\\/blog\\\/#\\\/schema\\\/person\\\/dbe836c6fc7202cdf3ecfb132a484a8a\"},\"image\":{\"@id\":\"https:\\\/\\\/www.sinoskop.de\\\/blog\\\/xi-jinping-alexander-vucic-china-serbien\\\/#primaryimage\"},\"thumbnailUrl\":\"https:\\\/\\\/www.sinoskop.de\\\/blog\\\/wp-content\\\/uploads\\\/2024\\\/05\\\/IMG_0646.jpeg\",\"keywords\":[\"Balkan\",\"BRI\",\"Neue Seidenstrasse\"],\"articleSection\":[\"\u201eAltes Europa\u201c\",\"Im Sinoskop\"],\"inLanguage\":\"de\",\"potentialAction\":[{\"@type\":\"CommentAction\",\"name\":\"Comment\",\"target\":[\"https:\\\/\\\/www.sinoskop.de\\\/blog\\\/xi-jinping-alexander-vucic-china-serbien\\\/#respond\"]}]},{\"@type\":\"WebPage\",\"@id\":\"https:\\\/\\\/www.sinoskop.de\\\/blog\\\/xi-jinping-alexander-vucic-china-serbien\\\/\",\"url\":\"https:\\\/\\\/www.sinoskop.de\\\/blog\\\/xi-jinping-alexander-vucic-china-serbien\\\/\",\"name\":\"Xi Jinping trifft Herrn Vu\u010di\u0107 - China und Serbien - China im 21. Jhdt.\",\"isPartOf\":{\"@id\":\"https:\\\/\\\/www.sinoskop.de\\\/blog\\\/#website\"},\"primaryImageOfPage\":{\"@id\":\"https:\\\/\\\/www.sinoskop.de\\\/blog\\\/xi-jinping-alexander-vucic-china-serbien\\\/#primaryimage\"},\"image\":{\"@id\":\"https:\\\/\\\/www.sinoskop.de\\\/blog\\\/xi-jinping-alexander-vucic-china-serbien\\\/#primaryimage\"},\"thumbnailUrl\":\"https:\\\/\\\/www.sinoskop.de\\\/blog\\\/wp-content\\\/uploads\\\/2024\\\/05\\\/IMG_0646.jpeg\",\"datePublished\":\"2024-05-07T08:26:25+00:00\",\"dateModified\":\"2025-09-11T15:48:01+00:00\",\"description\":\"Chinas Staats- und Regierungschef Xi Jinping zu Gast bei Alexander Vu\u010di\u0107 in Belgrad. Zu den Beziehungen zwischen China und Serbien.\",\"breadcrumb\":{\"@id\":\"https:\\\/\\\/www.sinoskop.de\\\/blog\\\/xi-jinping-alexander-vucic-china-serbien\\\/#breadcrumb\"},\"inLanguage\":\"de\",\"potentialAction\":[{\"@type\":\"ReadAction\",\"target\":[\"https:\\\/\\\/www.sinoskop.de\\\/blog\\\/xi-jinping-alexander-vucic-china-serbien\\\/\"]}]},{\"@type\":\"ImageObject\",\"inLanguage\":\"de\",\"@id\":\"https:\\\/\\\/www.sinoskop.de\\\/blog\\\/xi-jinping-alexander-vucic-china-serbien\\\/#primaryimage\",\"url\":\"https:\\\/\\\/www.sinoskop.de\\\/blog\\\/wp-content\\\/uploads\\\/2024\\\/05\\\/IMG_0646.jpeg\",\"contentUrl\":\"https:\\\/\\\/www.sinoskop.de\\\/blog\\\/wp-content\\\/uploads\\\/2024\\\/05\\\/IMG_0646.jpeg\",\"width\":400,\"height\":313,\"caption\":\"Serbische Briefmarke aus dem Jahr 2021, gewidmet dem 100. Jahrestag der Kommunistischen Partei Chinas.\"},{\"@type\":\"BreadcrumbList\",\"@id\":\"https:\\\/\\\/www.sinoskop.de\\\/blog\\\/xi-jinping-alexander-vucic-china-serbien\\\/#breadcrumb\",\"itemListElement\":[{\"@type\":\"ListItem\",\"position\":1,\"name\":\"Startseite\",\"item\":\"https:\\\/\\\/www.sinoskop.de\\\/blog\\\/\"},{\"@type\":\"ListItem\",\"position\":2,\"name\":\"Xi Jinping trifft Alexander Vu\u010di\u0107 &#8211; China und Serbien (#120)\"}]},{\"@type\":\"WebSite\",\"@id\":\"https:\\\/\\\/www.sinoskop.de\\\/blog\\\/#website\",\"url\":\"https:\\\/\\\/www.sinoskop.de\\\/blog\\\/\",\"name\":\"China Blog Sinoskop\",\"description\":\"China im 21. Jahrhundert betrachten\",\"publisher\":{\"@id\":\"https:\\\/\\\/www.sinoskop.de\\\/blog\\\/#\\\/schema\\\/person\\\/dbe836c6fc7202cdf3ecfb132a484a8a\"},\"alternateName\":\"Sinoskop\",\"potentialAction\":[{\"@type\":\"SearchAction\",\"target\":{\"@type\":\"EntryPoint\",\"urlTemplate\":\"https:\\\/\\\/www.sinoskop.de\\\/blog\\\/?s={search_term_string}\"},\"query-input\":{\"@type\":\"PropertyValueSpecification\",\"valueRequired\":true,\"valueName\":\"search_term_string\"}}],\"inLanguage\":\"de\"},{\"@type\":[\"Person\",\"Organization\"],\"@id\":\"https:\\\/\\\/www.sinoskop.de\\\/blog\\\/#\\\/schema\\\/person\\\/dbe836c6fc7202cdf3ecfb132a484a8a\",\"name\":\"Matthias M.\",\"image\":{\"@type\":\"ImageObject\",\"inLanguage\":\"de\",\"@id\":\"https:\\\/\\\/www.sinoskop.de\\\/blog\\\/wp-content\\\/uploads\\\/2023\\\/12\\\/cropped-cropped-IMG_0911-e1701450243917.jpeg\",\"url\":\"https:\\\/\\\/www.sinoskop.de\\\/blog\\\/wp-content\\\/uploads\\\/2023\\\/12\\\/cropped-cropped-IMG_0911-e1701450243917.jpeg\",\"contentUrl\":\"https:\\\/\\\/www.sinoskop.de\\\/blog\\\/wp-content\\\/uploads\\\/2023\\\/12\\\/cropped-cropped-IMG_0911-e1701450243917.jpeg\",\"width\":249,\"height\":83,\"caption\":\"Matthias M.\"},\"logo\":{\"@id\":\"https:\\\/\\\/www.sinoskop.de\\\/blog\\\/wp-content\\\/uploads\\\/2023\\\/12\\\/cropped-cropped-IMG_0911-e1701450243917.jpeg\"},\"sameAs\":[\"https:\\\/\\\/x.com\\\/sinoskop\"]}]}<\/script>\n<!-- \/ Yoast SEO plugin. -->","yoast_head_json":{"title":"Xi Jinping trifft Herrn Vu\u010di\u0107 - China und Serbien - China im 21. Jhdt.","description":"Chinas Staats- und Regierungschef Xi Jinping zu Gast bei Alexander Vu\u010di\u0107 in Belgrad. Zu den Beziehungen zwischen China und Serbien.","robots":{"index":"index","follow":"follow","max-snippet":"max-snippet:-1","max-image-preview":"max-image-preview:large","max-video-preview":"max-video-preview:-1"},"canonical":"https:\/\/www.sinoskop.de\/blog\/xi-jinping-alexander-vucic-china-serbien\/","og_locale":"de_DE","og_type":"article","og_title":"Xi Jinping trifft Herrn Vu\u010di\u0107 - China und Serbien - China im 21. Jhdt.","og_description":"Chinas Staats- und Regierungschef Xi Jinping zu Gast bei Alexander Vu\u010di\u0107 in Belgrad. Zu den Beziehungen zwischen China und Serbien.","og_url":"https:\/\/www.sinoskop.de\/blog\/xi-jinping-alexander-vucic-china-serbien\/","og_site_name":"China Blog Sinoskop","article_published_time":"2024-05-07T08:26:25+00:00","article_modified_time":"2025-09-11T15:48:01+00:00","og_image":[{"width":400,"height":313,"url":"https:\/\/www.sinoskop.de\/blog\/wp-content\/uploads\/2024\/05\/IMG_0646.jpeg","type":"image\/jpeg"}],"author":"Matthias M.","twitter_card":"summary_large_image","twitter_creator":"@sinoskop","twitter_site":"@sinoskop","twitter_misc":{"Verfasst von":"Matthias M.","Gesch\u00e4tzte Lesezeit":"5\u00a0Minuten"},"schema":{"@context":"https:\/\/schema.org","@graph":[{"@type":"Article","@id":"https:\/\/www.sinoskop.de\/blog\/xi-jinping-alexander-vucic-china-serbien\/#article","isPartOf":{"@id":"https:\/\/www.sinoskop.de\/blog\/xi-jinping-alexander-vucic-china-serbien\/"},"author":{"name":"Matthias M.","@id":"https:\/\/www.sinoskop.de\/blog\/#\/schema\/person\/dbe836c6fc7202cdf3ecfb132a484a8a"},"headline":"Xi Jinping trifft Alexander Vu\u010di\u0107 &#8211; China und Serbien (#120)","datePublished":"2024-05-07T08:26:25+00:00","dateModified":"2025-09-11T15:48:01+00:00","mainEntityOfPage":{"@id":"https:\/\/www.sinoskop.de\/blog\/xi-jinping-alexander-vucic-china-serbien\/"},"wordCount":877,"commentCount":0,"publisher":{"@id":"https:\/\/www.sinoskop.de\/blog\/#\/schema\/person\/dbe836c6fc7202cdf3ecfb132a484a8a"},"image":{"@id":"https:\/\/www.sinoskop.de\/blog\/xi-jinping-alexander-vucic-china-serbien\/#primaryimage"},"thumbnailUrl":"https:\/\/www.sinoskop.de\/blog\/wp-content\/uploads\/2024\/05\/IMG_0646.jpeg","keywords":["Balkan","BRI","Neue Seidenstrasse"],"articleSection":["\u201eAltes Europa\u201c","Im Sinoskop"],"inLanguage":"de","potentialAction":[{"@type":"CommentAction","name":"Comment","target":["https:\/\/www.sinoskop.de\/blog\/xi-jinping-alexander-vucic-china-serbien\/#respond"]}]},{"@type":"WebPage","@id":"https:\/\/www.sinoskop.de\/blog\/xi-jinping-alexander-vucic-china-serbien\/","url":"https:\/\/www.sinoskop.de\/blog\/xi-jinping-alexander-vucic-china-serbien\/","name":"Xi Jinping trifft Herrn Vu\u010di\u0107 - China und Serbien - China im 21. Jhdt.","isPartOf":{"@id":"https:\/\/www.sinoskop.de\/blog\/#website"},"primaryImageOfPage":{"@id":"https:\/\/www.sinoskop.de\/blog\/xi-jinping-alexander-vucic-china-serbien\/#primaryimage"},"image":{"@id":"https:\/\/www.sinoskop.de\/blog\/xi-jinping-alexander-vucic-china-serbien\/#primaryimage"},"thumbnailUrl":"https:\/\/www.sinoskop.de\/blog\/wp-content\/uploads\/2024\/05\/IMG_0646.jpeg","datePublished":"2024-05-07T08:26:25+00:00","dateModified":"2025-09-11T15:48:01+00:00","description":"Chinas Staats- und Regierungschef Xi Jinping zu Gast bei Alexander Vu\u010di\u0107 in Belgrad. Zu den Beziehungen zwischen China und Serbien.","breadcrumb":{"@id":"https:\/\/www.sinoskop.de\/blog\/xi-jinping-alexander-vucic-china-serbien\/#breadcrumb"},"inLanguage":"de","potentialAction":[{"@type":"ReadAction","target":["https:\/\/www.sinoskop.de\/blog\/xi-jinping-alexander-vucic-china-serbien\/"]}]},{"@type":"ImageObject","inLanguage":"de","@id":"https:\/\/www.sinoskop.de\/blog\/xi-jinping-alexander-vucic-china-serbien\/#primaryimage","url":"https:\/\/www.sinoskop.de\/blog\/wp-content\/uploads\/2024\/05\/IMG_0646.jpeg","contentUrl":"https:\/\/www.sinoskop.de\/blog\/wp-content\/uploads\/2024\/05\/IMG_0646.jpeg","width":400,"height":313,"caption":"Serbische Briefmarke aus dem Jahr 2021, gewidmet dem 100. Jahrestag der Kommunistischen Partei Chinas."},{"@type":"BreadcrumbList","@id":"https:\/\/www.sinoskop.de\/blog\/xi-jinping-alexander-vucic-china-serbien\/#breadcrumb","itemListElement":[{"@type":"ListItem","position":1,"name":"Startseite","item":"https:\/\/www.sinoskop.de\/blog\/"},{"@type":"ListItem","position":2,"name":"Xi Jinping trifft Alexander Vu\u010di\u0107 &#8211; China und Serbien (#120)"}]},{"@type":"WebSite","@id":"https:\/\/www.sinoskop.de\/blog\/#website","url":"https:\/\/www.sinoskop.de\/blog\/","name":"China Blog Sinoskop","description":"China im 21. Jahrhundert betrachten","publisher":{"@id":"https:\/\/www.sinoskop.de\/blog\/#\/schema\/person\/dbe836c6fc7202cdf3ecfb132a484a8a"},"alternateName":"Sinoskop","potentialAction":[{"@type":"SearchAction","target":{"@type":"EntryPoint","urlTemplate":"https:\/\/www.sinoskop.de\/blog\/?s={search_term_string}"},"query-input":{"@type":"PropertyValueSpecification","valueRequired":true,"valueName":"search_term_string"}}],"inLanguage":"de"},{"@type":["Person","Organization"],"@id":"https:\/\/www.sinoskop.de\/blog\/#\/schema\/person\/dbe836c6fc7202cdf3ecfb132a484a8a","name":"Matthias M.","image":{"@type":"ImageObject","inLanguage":"de","@id":"https:\/\/www.sinoskop.de\/blog\/wp-content\/uploads\/2023\/12\/cropped-cropped-IMG_0911-e1701450243917.jpeg","url":"https:\/\/www.sinoskop.de\/blog\/wp-content\/uploads\/2023\/12\/cropped-cropped-IMG_0911-e1701450243917.jpeg","contentUrl":"https:\/\/www.sinoskop.de\/blog\/wp-content\/uploads\/2023\/12\/cropped-cropped-IMG_0911-e1701450243917.jpeg","width":249,"height":83,"caption":"Matthias M."},"logo":{"@id":"https:\/\/www.sinoskop.de\/blog\/wp-content\/uploads\/2023\/12\/cropped-cropped-IMG_0911-e1701450243917.jpeg"},"sameAs":["https:\/\/x.com\/sinoskop"]}]}},"_links":{"self":[{"href":"https:\/\/www.sinoskop.de\/blog\/wp-json\/wp\/v2\/posts\/6577","targetHints":{"allow":["GET"]}}],"collection":[{"href":"https:\/\/www.sinoskop.de\/blog\/wp-json\/wp\/v2\/posts"}],"about":[{"href":"https:\/\/www.sinoskop.de\/blog\/wp-json\/wp\/v2\/types\/post"}],"author":[{"embeddable":true,"href":"https:\/\/www.sinoskop.de\/blog\/wp-json\/wp\/v2\/users\/1"}],"replies":[{"embeddable":true,"href":"https:\/\/www.sinoskop.de\/blog\/wp-json\/wp\/v2\/comments?post=6577"}],"version-history":[{"count":0,"href":"https:\/\/www.sinoskop.de\/blog\/wp-json\/wp\/v2\/posts\/6577\/revisions"}],"wp:featuredmedia":[{"embeddable":true,"href":"https:\/\/www.sinoskop.de\/blog\/wp-json\/wp\/v2\/media\/6600"}],"wp:attachment":[{"href":"https:\/\/www.sinoskop.de\/blog\/wp-json\/wp\/v2\/media?parent=6577"}],"wp:term":[{"taxonomy":"category","embeddable":true,"href":"https:\/\/www.sinoskop.de\/blog\/wp-json\/wp\/v2\/categories?post=6577"},{"taxonomy":"post_tag","embeddable":true,"href":"https:\/\/www.sinoskop.de\/blog\/wp-json\/wp\/v2\/tags?post=6577"}],"curies":[{"name":"wp","href":"https:\/\/api.w.org\/{rel}","templated":true}]}}