{"id":997,"date":"2019-06-04T19:56:53","date_gmt":"2019-06-04T17:56:53","guid":{"rendered":"http:\/\/www.sinoskop.de\/blog\/?p=997"},"modified":"2026-04-26T21:32:36","modified_gmt":"2026-04-26T19:32:36","slug":"china-politik-tiananmen-1989-massaker-4-juni","status":"publish","type":"post","link":"https:\/\/www.sinoskop.de\/blog\/china-politik-tiananmen-1989-massaker-4-juni\/","title":{"rendered":"\u516d\u56db &#8211; 4. Juni (Tiananmen 1989) &#8211; 30. Jahrestag (#31)"},"content":{"rendered":"<blockquote><p>Und wieder veranstaltet das Zentralkomitee von Utopia ein Massaker.<br \/>\nIst der Premier erk\u00e4ltet, muss das Volk husten, sonst verh\u00e4ngen wir den Kriegszustand<br \/>\nEin altersschwacher Staatsapparat kennt kein Pardon f\u00fcr den, der aufmuckt und nicht krank sein will<br \/>\nZu Tausenden f\u00e4llt der unbewaffnete Mob [&#8230;]<\/p><\/blockquote>\n<p>Beginn des Gedichts \u201eMassaker\u201c von Liao Yiwu (1989)<\/p>\n<p><!--more--><\/p>\n<p style=\"text-align: center;\"><b>Inhalt<\/b><br \/>\n<a href=\"#Trauma von 1989\">Tiananmen &#8211; Trauma von 1989<\/a><\/p>\n<p style=\"text-align: center;\"><a href=\"#das gro\u00dfe Vergessen\">Das gro\u00dfe Vergessen<\/a><\/p>\n<p style=\"text-align: center;\"><a href=\"#im Westen nichts Neues\">Im Westen nichts Neues<\/a><\/p>\n<h2 id=\"Trauma von 1989\"><b>Tiananmen: Das Trauma vom Platz des Himmlischen Friedens<\/b><\/h2>\n<p>Heute vor drei\u00dfig Jahren rollten die Panzer auf dem Platz des himmlischen Friedens die Erwartungen, Hoffnungen und Tr\u00e4ume von Millionen Chinesen platt. In den Wochen zuvor forderten sie weitergehende Reformen und ein Ende der Korruption, sie hofften auf Geh\u00f6r bei der Parteif\u00fchrung und einen Dialog, sie tr\u00e4umten von Rechtsstaatlichkeit und Transparenz.<\/p>\n<p>Die Partei verweigerte jedoch den Dialog mit den Demonstranten und verh\u00e4ngte stattdessen den Ausnahmezustand und das Kriegsrecht. Der Machtanspruch der Kommunistischen Partei durfte keinesfalls angezweifelt werden, Entwicklungen wie in den kollabierenden Satellitenstaaten Osteuropas waren warnende Beispiele.<\/p>\n<p>So lie\u00dfen am 4. Juni Hunderte bis Tausende Studenten, Arbeiter und B\u00fcrger aus Peking und anderen Landesteilen ihr Leben oder wurden verletzt als die Volksbefreiungsarmee die Anweisungen der Parteispitze mit aller H\u00e4rte umsetzte \u2013 die Wiederherstellung der Ordnung gegen\u00fcber den Aufr\u00fchrern, den angeblichen Feinden der Partei und des Sozialismus. Der Platz des himmlischen Friedens wurde zum Schlachtfeld.<\/p>\n<p><a href=\"\"><div class=\"lyte-wrapper fourthree\" style=\"width:420px;max-width:100%;margin:5px auto;\"><div class=\"lyMe\" id=\"WYL_Jphzlfh2Yew\"><div id=\"lyte_Jphzlfh2Yew\" data-src=\"https:\/\/www.sinoskop.de\/blog\/wp-content\/plugins\/wp-youtube-lyte\/lyteCache.php?origThumbUrl=%2F%2Fi.ytimg.com%2Fvi%2FJphzlfh2Yew%2Fhqdefault.jpg\" class=\"pL\"><div class=\"tC\"><div class=\"tT\"><\/div><\/div><div class=\"play\"><\/div><div class=\"ctrl\"><div class=\"Lctrl\"><\/div><div class=\"Rctrl\"><\/div><\/div><\/div><noscript><a href=\"https:\/\/youtu.be\/Jphzlfh2Yew\" rel=\"nofollow\"><img loading=\"lazy\" decoding=\"async\" src=\"https:\/\/www.sinoskop.de\/blog\/wp-content\/plugins\/wp-youtube-lyte\/lyteCache.php?origThumbUrl=https%3A%2F%2Fi.ytimg.com%2Fvi%2FJphzlfh2Yew%2F0.jpg\" alt=\"YouTube-Video-Vorschaubild\" width=\"420\" height=\"295\" \/><\/a><\/noscript><\/div><\/div><div class=\"lL\" style=\"max-width:100%;width:420px;margin:5px auto;\"> <a href=\"https:\/\/youtu.be\/Jphzlfh2Yew\" target=\"_blank\">Dieses Video auf YouTube ansehen<\/a>.<\/div><\/a><\/p>\n<h4 id=\"das gro\u00dfe Vergessen\"><b>Wohlstand statt Freiheit: Das gro\u00dfe Vergessen<\/b><\/h4>\n<p>Seitdem gilt eine unausgesprochene Abmachung zwischen Partei und dem Volk: Die Partei k\u00fcmmert sich um wachsenden Wohlstand, das Volk kooperiert und h\u00e4lt sich aus der Politik heraus.<\/p>\n<p>\u00dcber die Protestbewegung findet sich bis heute kein Wort in chinesischen (Festland-)Schulb\u00fcchern, auch die Medien thematisieren diesen Teil der Geschichte nicht. Offiziell handelt es sich um einen vereinzelten \u201eVorfall\u201c, das Thema ist seit drei Jahrzehnten in der \u00d6ffentlichkeit Tabu. Im Internet spielen Zensoren und B\u00fcrger Katz und Maus. Erstere sperren das gesamte Thema sowie verwandte Begriffe, letztere lassen sich immer wieder Neues einfallen, um die Zensur zu umgehen.<\/p>\n<p>Mit einer \u00dcberschrift wie &#8222;\u516d\u56db &#8211; 4. Juni&#8220; ist dieser Blog-Beitrag im chinesischen Netz schon nicht mehr aufrufbar.<\/p>\n<h4>\u201e<b>Ein einmaliger Vorfall, eine verblasste Erinnerung\u201c<\/b><\/h4>\n<p>Verteidigungsminister Wei stellt klar, die damalige Strategie sei die &#8222;korrekte&#8220; gewesen und Chinas wirtschaftliche Erfolgsgeschichte seitdem der klare Beleg daf\u00fcr. Kurz vor dem Jahrestag ist auch im Propagandaorgan <i>G<\/i><i>l<\/i><i>obal Times<\/i> die Rede von &#8222;richtigen Ma\u00dfnahmen\u201c, die vor 30 Jahren ergriffen worden seien um die Stabilit\u00e4t nicht zu gef\u00e4hrden.<\/p>\n<p>In einem weiteren Meinungsartikel wird der Umgang mit dem \u201eVorfall\u201c als Erfolg gefeiert, als \u201eImpfung f\u00fcr die chinesische Gesellschaft\u201c, der die zuk\u00fcnftige \u201eWiderstandsf\u00e4higkeit Chinas gegen\u00fcber politischem Aufruhr jedweder Art enorm steigert.\u201c \u00dcberhaupt stelle man fest, dass \u201ebestimmte Kr\u00e4fte au\u00dferhalb des chinesischen Festlands\u201c jedes Jahr um den 4. Juni herum \u201eMeinungsmache betreiben und China angreifen\u201c. Die Taten dieser externen Kr\u00e4fte seien aber voll und ganz vergebens.<\/p>\n<p>Anders sieht es in Hongkong aus. Jahr f\u00fcr Jahr gedenken am 4. Juni Tausende dem Massaker der chinesischen Regierung am eigenen Volk. Dieses Jahr rechnen die Veranstalter mit einer Rekordteilnahme zum Gedenken im Victoria Park. Laut <em>South China<\/em> <em>Morning Post<\/em> sprachen die Organisatoren von 180.000 Teilnehmern, die Polizei hingegen gab 37.000 an.<br \/>\n(<strong><a href=\"https:\/\/www.sinoskop.de\/blog\/hongkong-demokratie-bewegung-regenschirm-proteste\/\" target=\"_blank\" rel=\"noopener noreferrer\">Siehe auch #25 Regenschirm-Bewegung in Hongkong<\/a>)<\/strong><\/p>\n<p><a href=\"\"><div class=\"lyte-wrapper fourthree\" style=\"width:420px;max-width:100%;margin:5px auto;\"><div class=\"lyMe\" id=\"WYL_3iz4L_YWLeM\"><div id=\"lyte_3iz4L_YWLeM\" data-src=\"https:\/\/www.sinoskop.de\/blog\/wp-content\/plugins\/wp-youtube-lyte\/lyteCache.php?origThumbUrl=%2F%2Fi.ytimg.com%2Fvi%2F3iz4L_YWLeM%2Fhqdefault.jpg\" class=\"pL\"><div class=\"tC\"><div class=\"tT\"><\/div><\/div><div class=\"play\"><\/div><div class=\"ctrl\"><div class=\"Lctrl\"><\/div><div class=\"Rctrl\"><\/div><\/div><\/div><noscript><a href=\"https:\/\/youtu.be\/3iz4L_YWLeM\" rel=\"nofollow\"><img loading=\"lazy\" decoding=\"async\" src=\"https:\/\/www.sinoskop.de\/blog\/wp-content\/plugins\/wp-youtube-lyte\/lyteCache.php?origThumbUrl=https%3A%2F%2Fi.ytimg.com%2Fvi%2F3iz4L_YWLeM%2F0.jpg\" alt=\"YouTube-Video-Vorschaubild\" width=\"420\" height=\"295\" \/><\/a><\/noscript><\/div><\/div><div class=\"lL\" style=\"max-width:100%;width:420px;margin:5px auto;\"> <a href=\"https:\/\/youtu.be\/3iz4L_YWLeM\" target=\"_blank\">Dieses Video auf YouTube ansehen<\/a>.<\/div><\/a><\/p>\n<h4 id=\"im Westen nichts Neues\"><b>Im Westen nichts Neues<\/b><\/h4>\n<p>Bereits Anfang der 1990 Jahre suchten Vertreter aus Politik und Wirtschaft wieder aktiv den Kontakt zur F\u00fchrung in Peking. Kritik h\u00e4lt sich seit jeher in Grenzen und ist mit der zunehmenden St\u00e4rke Chinas eher noch leiser geworden. Man wollte und will es sich (wirtschaftlich) nicht verscherzen.<br \/>\n\u201eDrei\u00dfig Jahre sp\u00e4ter trauert die Europ\u00e4ische Union weiterhin um die Opfer und spricht ihren Familien ihr Beileid aus\u201c, hei\u00dft es in der <a href=\"https:\/\/eeas.europa.eu\/headquarters\/headquarters-homepage\/63617\/erkl%C3%A4rung-der-hohen-vertreterinvizepr%C3%A4sidentin-mogherini-zum-30-jahrestag-der-ereignisse-auf_de\" target=\"_blank\" rel=\"noopener noreferrer\">Pressemitteilung<\/a> der Au\u00dfenbeauftragten der EU, Mogherini. Sie fordert die Aufarbeitung der Geschichte und die Freilassung von Menschenrechtsverteidigern und Rechtsanw\u00e4lten. \u201eDas gemeinsame Engagement f\u00fcr die Menschenrechte mit China ist und bleibt ein Grundpfeiler der umfassenden strategischen Partnerschaft zwischen der EU und China.\u201c<\/p>\n<p>Amnesty International Deutschland beklagt eine massive Verschlechterung der Menschenrechte und fordert die EU und die Bundesregierung auf, \u201edie Menschenrechtslage kritisch zu beobachten und Ma\u00dfnahmen zu ergreifen, um die chinesische Regierung zu einer Verbesserung der Situation anzuhalten&#8220;. Positiv bewertet der aktuelle<a href=\"https:\/\/www.amnesty.de\/informieren\/aktuell\/amnesty-bericht-zur-todesstrafe-2018\" target=\"_blank\" rel=\"noopener noreferrer\"> Amnesty-Bericht zur Todesstrafe<\/a> den weltweiten R\u00fcckgang der Hingerichteten im letzten Jahr. Negativ ist und bleibt aber die Rolle Chinas, das auch hier traurige Weltspitze ist: \u201eDer Staat mit den meisten Hinrichtungen bleibt die Volksrepublik China, die nach Sch\u00e4tzungen von Amnesty International Tausende Exekutionen durchgef\u00fchrt hat.\u201c<\/p>\n<h4><b>Mehr dazu<\/b><\/h4>\n<blockquote class=\"wp-embedded-content\" data-secret=\"1LXMvPJasm\"><p><a href=\"https:\/\/www.sinoskop.de\/blog\/%e5%85%ad%e5%9b%9b35%e5%91%a8%e5%b9%b4-tiananmen-china-35\/\">\u516d\u56db35\u5468\u5e74 &#8211; Tiananmen und das Ende der Proteste in China vor 35 Jahren (#122)<\/a><\/p><\/blockquote>\n<p><iframe loading=\"lazy\" class=\"wp-embedded-content\" sandbox=\"allow-scripts\" security=\"restricted\" style=\"position: absolute; visibility: hidden;\" title=\"&#8222;\u516d\u56db35\u5468\u5e74 &#8211; Tiananmen und das Ende der Proteste in China vor 35 Jahren (#122)&#8220; &#8211; China Blog Sinoskop\" src=\"https:\/\/www.sinoskop.de\/blog\/%e5%85%ad%e5%9b%9b35%e5%91%a8%e5%b9%b4-tiananmen-china-35\/embed\/#?secret=eCiyjyxzc8#?secret=1LXMvPJasm\" data-secret=\"1LXMvPJasm\" width=\"500\" height=\"282\" frameborder=\"0\" marginwidth=\"0\" marginheight=\"0\" scrolling=\"no\"><\/iframe><\/p>\n<p><b>Sehenswert:<\/b><\/p>\n<p>YOUTUBE: ZDF <a href=\"https:\/\/www.youtube.com\/watch?v=SKjFwVHpSDw\" target=\"_blank\" rel=\"noopener noreferrer\">Doku &#8222;Pekinger Fr\u00fchling &#8217;89&#8220;<\/a><\/p>\n<p>ARTE: Volk versus Partei (bis 02.08.19)<\/p>\n<p>SCMP:\u00a0<a href=\"https:\/\/www.scmp.com\/news\/hong-kong\/politics\/article\/3013112\/record-180000-turnout-hong-kong-candlelight-vigil-mark\" target=\"_blank\" rel=\"noopener noreferrer\">Tiananmen-Gedenken in Honkong<\/a><\/p>\n<p><strong>H\u00f6renswert:<\/strong><\/p>\n<p>DRADIO: <a href=\"https:\/\/www.deutschlandfunkkultur.de\/tiananmen-massaker-in-china-erinnern-ist-tabu-auch-nach-30.979.de.html?dram:article_id=449961\" target=\"_blank\" rel=\"noopener noreferrer\">Weltzeit: Tiananmen-Massaker<\/a><\/p>\n<p>BR: <a href=\"https:\/\/web.archive.org\/web\/20190819141228\/https:\/\/www.br.de\/nachrichten\/kultur\/liao-yiwu-tiananmen-massaker-murnau,RSJh9YE\" target=\"_blank\" rel=\"noopener noreferrer\">Liao Yiwu \u00fcber sein Gedicht &#8222;Massaker&#8220;<\/a><\/p>\n<p><strong>Lesenswert:<\/strong><\/p>\n<p>TAZ: <a href=\"http:\/\/www.taz.de\/30-Jahre-nach-der-Rebellion-in-China\/!5597155\/\" target=\"_blank\" rel=\"noopener noreferrer\">Der Deal l\u00e4uft aus<\/a><\/p>\n<p>SPON: <a href=\"https:\/\/www.spiegel.de\/einestages\/platz-des-himmlischen-friedens-das-massaker-in-china-1989-a-1269773.html\" target=\"_blank\" rel=\"noopener noreferrer\">Eines Tages in Peking 1989<\/a><\/p>\n<p>TAZ: <a href=\"http:\/\/www.taz.de\/Studentenfuehrer-ueber-30-Jahre-Tiananmen\/!5595286\/\" target=\"_blank\" rel=\"noopener noreferrer\">Interview mit ehemaligem Studentenf\u00fchrer<\/a><\/p>\n<p>SZ: <a href=\"https:\/\/www.sueddeutsche.de\/politik\/china-tiananmen-proteste-1.4470928\" target=\"_blank\" rel=\"noopener noreferrer\">Chinas Regierung wird Rechenschaft ablegen m\u00fcssen<\/a><\/p>\n<p>ND: <a href=\"https:\/\/www.neues-deutschland.de\/artikel\/1119869.die-panzer-sassen-am-runden-tisch.html\" target=\"_blank\" rel=\"noopener noreferrer\">Die Panzer sa\u00dfen am Runden Tisch<\/a><\/p>\n<p>FAZ: <a href=\"https:\/\/www.faz.net\/aktuell\/politik\/ausland\/massaker-auf-dem-tiananmen-chinas-angst-vor-der-wahrheit-16220484.html\" target=\"_blank\" rel=\"noopener noreferrer\">Chinas Angst vor der Wahrheit<\/a><\/p>\n<p>DW: <a href=\"https:\/\/www.dw.com\/de\/30-jahre-nach-tiananmen-wie-politisch-ist-die-chinesische-kunst\/a-48989932\" target=\"_blank\" rel=\"noopener noreferrer\">Kunst in China seit Tiananmen<\/a><\/p>\n<p>AMNESTY: <a href=\"https:\/\/www.amnesty.de\/journal\/2012\/oktober\/massaker\" target=\"_blank\" rel=\"noopener noreferrer\">&#8222;Massaker&#8220; Gedicht von Liao Yiwu<\/a><\/p>\n<hr \/>\n<p>&nbsp;<\/p>\n","protected":false},"excerpt":{"rendered":"<div class=\"mh-excerpt\"><p>Und wieder veranstaltet das Zentralkomitee von Utopia ein Massaker. Ist der Premier erk\u00e4ltet, muss das Volk husten, sonst verh\u00e4ngen wir den Kriegszustand Ein altersschwacher Staatsapparat kennt kein Pardon f\u00fcr den, <a class=\"mh-excerpt-more\" href=\"https:\/\/www.sinoskop.de\/blog\/china-politik-tiananmen-1989-massaker-4-juni\/\" title=\"\u516d\u56db &#8211; 4. Juni (Tiananmen 1989) &#8211; 30. Jahrestag (#31)\">[&#8230;]<\/a><\/p>\n<\/div>","protected":false},"author":1,"featured_media":0,"comment_status":"open","ping_status":"open","sticky":false,"template":"","format":"standard","meta":{"footnotes":""},"categories":[1,14,24],"tags":[75,74,86],"class_list":["post-997","post","type-post","status-publish","format-standard","hentry","category-allgemein","category-im-sinoskop","category-politik-wirtschaft","tag-demokratie","tag-hongkong","tag-tiananmen"],"yoast_head":"<!-- This site is optimized with the Yoast SEO plugin v27.5 - https:\/\/yoast.com\/product\/yoast-seo-wordpress\/ -->\n<title>30. Jahrestag Tiananmen, Peking, China 1989 - China im 21. Jhdt.<\/title>\n<meta name=\"description\" content=\"4. Juni 1989. 30. Jahrestag der Niederschlagung der Proteste auf dem Tiananmen, dem Platz des Himmlischen Friedens, in Peking, China.\" \/>\n<meta name=\"robots\" content=\"index, follow, max-snippet:-1, max-image-preview:large, max-video-preview:-1\" \/>\n<link rel=\"canonical\" href=\"https:\/\/www.sinoskop.de\/blog\/china-politik-tiananmen-1989-massaker-4-juni\/\" \/>\n<meta property=\"og:locale\" content=\"de_DE\" \/>\n<meta property=\"og:type\" content=\"article\" \/>\n<meta property=\"og:title\" content=\"30. Jahrestag Tiananmen, Peking, China 1989 - China im 21. Jhdt.\" \/>\n<meta property=\"og:description\" content=\"4. Juni 1989. 30. Jahrestag der Niederschlagung der Proteste auf dem Tiananmen, dem Platz des Himmlischen Friedens, in Peking, China.\" \/>\n<meta property=\"og:url\" content=\"https:\/\/www.sinoskop.de\/blog\/china-politik-tiananmen-1989-massaker-4-juni\/\" \/>\n<meta property=\"og:site_name\" content=\"China Blog Sinoskop\" \/>\n<meta property=\"article:published_time\" content=\"2019-06-04T17:56:53+00:00\" \/>\n<meta property=\"article:modified_time\" content=\"2026-04-26T19:32:36+00:00\" \/>\n<meta name=\"author\" content=\"Matthias M.\" \/>\n<meta name=\"twitter:card\" content=\"summary_large_image\" \/>\n<meta name=\"twitter:creator\" content=\"@sinoskop\" \/>\n<meta name=\"twitter:site\" content=\"@sinoskop\" \/>\n<meta name=\"twitter:label1\" content=\"Verfasst von\" \/>\n\t<meta name=\"twitter:data1\" content=\"Matthias M.\" \/>\n\t<meta name=\"twitter:label2\" content=\"Gesch\u00e4tzte Lesezeit\" \/>\n\t<meta name=\"twitter:data2\" content=\"5\u00a0Minuten\" \/>\n<script type=\"application\/ld+json\" class=\"yoast-schema-graph\">{\"@context\":\"https:\\\/\\\/schema.org\",\"@graph\":[{\"@type\":\"Article\",\"@id\":\"https:\\\/\\\/www.sinoskop.de\\\/blog\\\/china-politik-tiananmen-1989-massaker-4-juni\\\/#article\",\"isPartOf\":{\"@id\":\"https:\\\/\\\/www.sinoskop.de\\\/blog\\\/china-politik-tiananmen-1989-massaker-4-juni\\\/\"},\"author\":{\"name\":\"Matthias M.\",\"@id\":\"https:\\\/\\\/www.sinoskop.de\\\/blog\\\/#\\\/schema\\\/person\\\/dbe836c6fc7202cdf3ecfb132a484a8a\"},\"headline\":\"\u516d\u56db &#8211; 4. Juni (Tiananmen 1989) &#8211; 30. Jahrestag (#31)\",\"datePublished\":\"2019-06-04T17:56:53+00:00\",\"dateModified\":\"2026-04-26T19:32:36+00:00\",\"mainEntityOfPage\":{\"@id\":\"https:\\\/\\\/www.sinoskop.de\\\/blog\\\/china-politik-tiananmen-1989-massaker-4-juni\\\/\"},\"wordCount\":872,\"commentCount\":0,\"publisher\":{\"@id\":\"https:\\\/\\\/www.sinoskop.de\\\/blog\\\/#\\\/schema\\\/person\\\/dbe836c6fc7202cdf3ecfb132a484a8a\"},\"keywords\":[\"Demokratie\",\"Hongkong\",\"Tiananmen\"],\"articleSection\":{\"1\":\"Im Sinoskop\",\"2\":\"Politik &amp; Wirtschaft\"},\"inLanguage\":\"de\",\"potentialAction\":[{\"@type\":\"CommentAction\",\"name\":\"Comment\",\"target\":[\"https:\\\/\\\/www.sinoskop.de\\\/blog\\\/china-politik-tiananmen-1989-massaker-4-juni\\\/#respond\"]}]},{\"@type\":\"WebPage\",\"@id\":\"https:\\\/\\\/www.sinoskop.de\\\/blog\\\/china-politik-tiananmen-1989-massaker-4-juni\\\/\",\"url\":\"https:\\\/\\\/www.sinoskop.de\\\/blog\\\/china-politik-tiananmen-1989-massaker-4-juni\\\/\",\"name\":\"30. Jahrestag Tiananmen, Peking, China 1989 - China im 21. Jhdt.\",\"isPartOf\":{\"@id\":\"https:\\\/\\\/www.sinoskop.de\\\/blog\\\/#website\"},\"datePublished\":\"2019-06-04T17:56:53+00:00\",\"dateModified\":\"2026-04-26T19:32:36+00:00\",\"description\":\"4. Juni 1989. 30. Jahrestag der Niederschlagung der Proteste auf dem Tiananmen, dem Platz des Himmlischen Friedens, in Peking, China.\",\"breadcrumb\":{\"@id\":\"https:\\\/\\\/www.sinoskop.de\\\/blog\\\/china-politik-tiananmen-1989-massaker-4-juni\\\/#breadcrumb\"},\"inLanguage\":\"de\",\"potentialAction\":[{\"@type\":\"ReadAction\",\"target\":[\"https:\\\/\\\/www.sinoskop.de\\\/blog\\\/china-politik-tiananmen-1989-massaker-4-juni\\\/\"]}]},{\"@type\":\"BreadcrumbList\",\"@id\":\"https:\\\/\\\/www.sinoskop.de\\\/blog\\\/china-politik-tiananmen-1989-massaker-4-juni\\\/#breadcrumb\",\"itemListElement\":[{\"@type\":\"ListItem\",\"position\":1,\"name\":\"Startseite\",\"item\":\"https:\\\/\\\/www.sinoskop.de\\\/blog\\\/\"},{\"@type\":\"ListItem\",\"position\":2,\"name\":\"\u516d\u56db &#8211; 4. Juni (Tiananmen 1989) &#8211; 30. Jahrestag (#31)\"}]},{\"@type\":\"WebSite\",\"@id\":\"https:\\\/\\\/www.sinoskop.de\\\/blog\\\/#website\",\"url\":\"https:\\\/\\\/www.sinoskop.de\\\/blog\\\/\",\"name\":\"China Blog Sinoskop\",\"description\":\"China im 21. Jahrhundert betrachten\",\"publisher\":{\"@id\":\"https:\\\/\\\/www.sinoskop.de\\\/blog\\\/#\\\/schema\\\/person\\\/dbe836c6fc7202cdf3ecfb132a484a8a\"},\"alternateName\":\"Sinoskop\",\"potentialAction\":[{\"@type\":\"SearchAction\",\"target\":{\"@type\":\"EntryPoint\",\"urlTemplate\":\"https:\\\/\\\/www.sinoskop.de\\\/blog\\\/?s={search_term_string}\"},\"query-input\":{\"@type\":\"PropertyValueSpecification\",\"valueRequired\":true,\"valueName\":\"search_term_string\"}}],\"inLanguage\":\"de\"},{\"@type\":[\"Person\",\"Organization\"],\"@id\":\"https:\\\/\\\/www.sinoskop.de\\\/blog\\\/#\\\/schema\\\/person\\\/dbe836c6fc7202cdf3ecfb132a484a8a\",\"name\":\"Matthias M.\",\"image\":{\"@type\":\"ImageObject\",\"inLanguage\":\"de\",\"@id\":\"https:\\\/\\\/www.sinoskop.de\\\/blog\\\/wp-content\\\/uploads\\\/2023\\\/12\\\/cropped-cropped-IMG_0911-e1701450243917.jpeg\",\"url\":\"https:\\\/\\\/www.sinoskop.de\\\/blog\\\/wp-content\\\/uploads\\\/2023\\\/12\\\/cropped-cropped-IMG_0911-e1701450243917.jpeg\",\"contentUrl\":\"https:\\\/\\\/www.sinoskop.de\\\/blog\\\/wp-content\\\/uploads\\\/2023\\\/12\\\/cropped-cropped-IMG_0911-e1701450243917.jpeg\",\"width\":249,\"height\":83,\"caption\":\"Matthias M.\"},\"logo\":{\"@id\":\"https:\\\/\\\/www.sinoskop.de\\\/blog\\\/wp-content\\\/uploads\\\/2023\\\/12\\\/cropped-cropped-IMG_0911-e1701450243917.jpeg\"},\"sameAs\":[\"https:\\\/\\\/x.com\\\/sinoskop\"]}]}<\/script>\n<!-- \/ Yoast SEO plugin. -->","yoast_head_json":{"title":"30. Jahrestag Tiananmen, Peking, China 1989 - China im 21. Jhdt.","description":"4. Juni 1989. 30. Jahrestag der Niederschlagung der Proteste auf dem Tiananmen, dem Platz des Himmlischen Friedens, in Peking, China.","robots":{"index":"index","follow":"follow","max-snippet":"max-snippet:-1","max-image-preview":"max-image-preview:large","max-video-preview":"max-video-preview:-1"},"canonical":"https:\/\/www.sinoskop.de\/blog\/china-politik-tiananmen-1989-massaker-4-juni\/","og_locale":"de_DE","og_type":"article","og_title":"30. Jahrestag Tiananmen, Peking, China 1989 - China im 21. Jhdt.","og_description":"4. Juni 1989. 30. Jahrestag der Niederschlagung der Proteste auf dem Tiananmen, dem Platz des Himmlischen Friedens, in Peking, China.","og_url":"https:\/\/www.sinoskop.de\/blog\/china-politik-tiananmen-1989-massaker-4-juni\/","og_site_name":"China Blog Sinoskop","article_published_time":"2019-06-04T17:56:53+00:00","article_modified_time":"2026-04-26T19:32:36+00:00","author":"Matthias M.","twitter_card":"summary_large_image","twitter_creator":"@sinoskop","twitter_site":"@sinoskop","twitter_misc":{"Verfasst von":"Matthias M.","Gesch\u00e4tzte Lesezeit":"5\u00a0Minuten"},"schema":{"@context":"https:\/\/schema.org","@graph":[{"@type":"Article","@id":"https:\/\/www.sinoskop.de\/blog\/china-politik-tiananmen-1989-massaker-4-juni\/#article","isPartOf":{"@id":"https:\/\/www.sinoskop.de\/blog\/china-politik-tiananmen-1989-massaker-4-juni\/"},"author":{"name":"Matthias M.","@id":"https:\/\/www.sinoskop.de\/blog\/#\/schema\/person\/dbe836c6fc7202cdf3ecfb132a484a8a"},"headline":"\u516d\u56db &#8211; 4. Juni (Tiananmen 1989) &#8211; 30. Jahrestag (#31)","datePublished":"2019-06-04T17:56:53+00:00","dateModified":"2026-04-26T19:32:36+00:00","mainEntityOfPage":{"@id":"https:\/\/www.sinoskop.de\/blog\/china-politik-tiananmen-1989-massaker-4-juni\/"},"wordCount":872,"commentCount":0,"publisher":{"@id":"https:\/\/www.sinoskop.de\/blog\/#\/schema\/person\/dbe836c6fc7202cdf3ecfb132a484a8a"},"keywords":["Demokratie","Hongkong","Tiananmen"],"articleSection":{"1":"Im Sinoskop","2":"Politik &amp; Wirtschaft"},"inLanguage":"de","potentialAction":[{"@type":"CommentAction","name":"Comment","target":["https:\/\/www.sinoskop.de\/blog\/china-politik-tiananmen-1989-massaker-4-juni\/#respond"]}]},{"@type":"WebPage","@id":"https:\/\/www.sinoskop.de\/blog\/china-politik-tiananmen-1989-massaker-4-juni\/","url":"https:\/\/www.sinoskop.de\/blog\/china-politik-tiananmen-1989-massaker-4-juni\/","name":"30. Jahrestag Tiananmen, Peking, China 1989 - China im 21. Jhdt.","isPartOf":{"@id":"https:\/\/www.sinoskop.de\/blog\/#website"},"datePublished":"2019-06-04T17:56:53+00:00","dateModified":"2026-04-26T19:32:36+00:00","description":"4. Juni 1989. 30. Jahrestag der Niederschlagung der Proteste auf dem Tiananmen, dem Platz des Himmlischen Friedens, in Peking, China.","breadcrumb":{"@id":"https:\/\/www.sinoskop.de\/blog\/china-politik-tiananmen-1989-massaker-4-juni\/#breadcrumb"},"inLanguage":"de","potentialAction":[{"@type":"ReadAction","target":["https:\/\/www.sinoskop.de\/blog\/china-politik-tiananmen-1989-massaker-4-juni\/"]}]},{"@type":"BreadcrumbList","@id":"https:\/\/www.sinoskop.de\/blog\/china-politik-tiananmen-1989-massaker-4-juni\/#breadcrumb","itemListElement":[{"@type":"ListItem","position":1,"name":"Startseite","item":"https:\/\/www.sinoskop.de\/blog\/"},{"@type":"ListItem","position":2,"name":"\u516d\u56db &#8211; 4. Juni (Tiananmen 1989) &#8211; 30. Jahrestag (#31)"}]},{"@type":"WebSite","@id":"https:\/\/www.sinoskop.de\/blog\/#website","url":"https:\/\/www.sinoskop.de\/blog\/","name":"China Blog Sinoskop","description":"China im 21. Jahrhundert betrachten","publisher":{"@id":"https:\/\/www.sinoskop.de\/blog\/#\/schema\/person\/dbe836c6fc7202cdf3ecfb132a484a8a"},"alternateName":"Sinoskop","potentialAction":[{"@type":"SearchAction","target":{"@type":"EntryPoint","urlTemplate":"https:\/\/www.sinoskop.de\/blog\/?s={search_term_string}"},"query-input":{"@type":"PropertyValueSpecification","valueRequired":true,"valueName":"search_term_string"}}],"inLanguage":"de"},{"@type":["Person","Organization"],"@id":"https:\/\/www.sinoskop.de\/blog\/#\/schema\/person\/dbe836c6fc7202cdf3ecfb132a484a8a","name":"Matthias M.","image":{"@type":"ImageObject","inLanguage":"de","@id":"https:\/\/www.sinoskop.de\/blog\/wp-content\/uploads\/2023\/12\/cropped-cropped-IMG_0911-e1701450243917.jpeg","url":"https:\/\/www.sinoskop.de\/blog\/wp-content\/uploads\/2023\/12\/cropped-cropped-IMG_0911-e1701450243917.jpeg","contentUrl":"https:\/\/www.sinoskop.de\/blog\/wp-content\/uploads\/2023\/12\/cropped-cropped-IMG_0911-e1701450243917.jpeg","width":249,"height":83,"caption":"Matthias M."},"logo":{"@id":"https:\/\/www.sinoskop.de\/blog\/wp-content\/uploads\/2023\/12\/cropped-cropped-IMG_0911-e1701450243917.jpeg"},"sameAs":["https:\/\/x.com\/sinoskop"]}]}},"_links":{"self":[{"href":"https:\/\/www.sinoskop.de\/blog\/wp-json\/wp\/v2\/posts\/997","targetHints":{"allow":["GET"]}}],"collection":[{"href":"https:\/\/www.sinoskop.de\/blog\/wp-json\/wp\/v2\/posts"}],"about":[{"href":"https:\/\/www.sinoskop.de\/blog\/wp-json\/wp\/v2\/types\/post"}],"author":[{"embeddable":true,"href":"https:\/\/www.sinoskop.de\/blog\/wp-json\/wp\/v2\/users\/1"}],"replies":[{"embeddable":true,"href":"https:\/\/www.sinoskop.de\/blog\/wp-json\/wp\/v2\/comments?post=997"}],"version-history":[{"count":4,"href":"https:\/\/www.sinoskop.de\/blog\/wp-json\/wp\/v2\/posts\/997\/revisions"}],"predecessor-version":[{"id":8704,"href":"https:\/\/www.sinoskop.de\/blog\/wp-json\/wp\/v2\/posts\/997\/revisions\/8704"}],"wp:attachment":[{"href":"https:\/\/www.sinoskop.de\/blog\/wp-json\/wp\/v2\/media?parent=997"}],"wp:term":[{"taxonomy":"category","embeddable":true,"href":"https:\/\/www.sinoskop.de\/blog\/wp-json\/wp\/v2\/categories?post=997"},{"taxonomy":"post_tag","embeddable":true,"href":"https:\/\/www.sinoskop.de\/blog\/wp-json\/wp\/v2\/tags?post=997"}],"curies":[{"name":"wp","href":"https:\/\/api.w.org\/{rel}","templated":true}]}}